{"id":35560,"date":"2022-09-28T13:10:00","date_gmt":"2022-09-28T11:10:00","guid":{"rendered":"https:\/\/www.tzp-kupa.hr\/turisticka-zajednica\/?p=35560"},"modified":"2022-09-28T13:10:00","modified_gmt":"2022-09-28T11:10:00","slug":"jesen-u-vivodini-2022","status":"publish","type":"post","link":"https:\/\/tzp-kupa.hr\/hr\/jesen-u-vivodini-2022\/","title":{"rendered":"JESEN U VIVODINI 2022"},"content":{"rendered":"<div class=\"m8h3af8h l7ghb35v kjdc1dyq kmwttqpk gh25dzvf\">Kulturno-umjetni\u010dko dru\u0161tvo &#8220;Vivodina&#8221; poziva Vas na tradicionalnu manifestaciju &#8220;Jesen u Vivodini&#8221; u nedjelju 02.10.<br \/>\nProgram zapo\u010dinje misom u crkvi Sv.Lovre u Vivodini u 14:00 sati, a sam kulturno-umjetni\u010dki program u 15:00 sati ispred vatrogasnog doma na Vivodini. Uz nastupe folklornih dru\u0161tava zabaviti \u0107ete se uz igre, a posjetitelje \u0107e do ranih jutarnjih sati zabavljati Belot band!<\/div>\n<div><\/div>\n<div class=\"l7ghb35v kjdc1dyq kmwttqpk gh25dzvf jikcssrz\">Posjetitelji \u0107e imati priliku u\u017eivati u doma\u0107im gastronomskim delicijama, prisjetiti se obi\u010daja i navika na\u0161ih starih te se na njihov na\u010din, zajedno s doma\u0107inima i zabavljati. O\u010dekuju Vas zanimljivi gosti, te bogat kulturno-umjetni\u010dki program.<\/div>\n<div><\/div>\n<div class=\"l7ghb35v kjdc1dyq kmwttqpk gh25dzvf jikcssrz\"><img loading=\"lazy\" decoding=\"async\" class=\"size-medium wp-image-35561 aligncenter\" src=\"https:\/\/www.tzp-kupa.hr\/turisticka-zajednica\/wp-content\/uploads\/2022\/09\/Plakat-304x400.jpg\" alt=\"\" width=\"304\" height=\"400\" srcset=\"https:\/\/tzp-kupa.hr\/hr\/wp-content\/uploads\/2022\/09\/Plakat-304x400.jpg 304w, https:\/\/tzp-kupa.hr\/hr\/wp-content\/uploads\/2022\/09\/Plakat-608x800.jpg 608w, https:\/\/tzp-kupa.hr\/hr\/wp-content\/uploads\/2022\/09\/Plakat-768x1010.jpg 768w, https:\/\/tzp-kupa.hr\/hr\/wp-content\/uploads\/2022\/09\/Plakat.jpg 1080w\" sizes=\"(max-width: 304px) 100vw, 304px\" \/><\/div>\n","protected":false},"excerpt":{"rendered":"<p>Kulturno-umjetni\u010dko dru\u0161tvo &#8220;Vivodina&#8221; poziva Vas na tradicionalnu manifestaciju &#8220;Jesen u Vivodini&#8221; u nedjelju 02.10. Program zapo\u010dinje misom u crkvi Sv.Lovre u Vivodini u 14:00 sati, a sam kulturno-umjetni\u010dki program u 15:00 sati ispred vatrogasnog doma na Vivodini. Uz nastupe folklornih dru\u0161tava zabaviti \u0107ete se uz igre, a posjetitelje \u0107e do ranih jutarnjih sati zabavljati Belot [&#8230;]\n","protected":false},"author":1,"featured_media":35561,"comment_status":"closed","ping_status":"closed","sticky":false,"template":"","format":"standard","meta":{"_monsterinsights_skip_tracking":false,"_monsterinsights_sitenote_active":false,"_monsterinsights_sitenote_note":"","_monsterinsights_sitenote_category":0,"footnotes":"","_links_to":"","_links_to_target":""},"categories":[79],"tags":[82,85],"_links":{"self":[{"href":"https:\/\/tzp-kupa.hr\/hr\/wp-json\/wp\/v2\/posts\/35560"}],"collection":[{"href":"https:\/\/tzp-kupa.hr\/hr\/wp-json\/wp\/v2\/posts"}],"about":[{"href":"https:\/\/tzp-kupa.hr\/hr\/wp-json\/wp\/v2\/types\/post"}],"author":[{"embeddable":true,"href":"https:\/\/tzp-kupa.hr\/hr\/wp-json\/wp\/v2\/users\/1"}],"replies":[{"embeddable":true,"href":"https:\/\/tzp-kupa.hr\/hr\/wp-json\/wp\/v2\/comments?post=35560"}],"version-history":[{"count":0,"href":"https:\/\/tzp-kupa.hr\/hr\/wp-json\/wp\/v2\/posts\/35560\/revisions"}],"wp:featuredmedia":[{"embeddable":true,"href":"https:\/\/tzp-kupa.hr\/hr\/wp-json\/wp\/v2\/media\/35561"}],"wp:attachment":[{"href":"https:\/\/tzp-kupa.hr\/hr\/wp-json\/wp\/v2\/media?parent=35560"}],"wp:term":[{"taxonomy":"category","embeddable":true,"href":"https:\/\/tzp-kupa.hr\/hr\/wp-json\/wp\/v2\/categories?post=35560"},{"taxonomy":"post_tag","embeddable":true,"href":"https:\/\/tzp-kupa.hr\/hr\/wp-json\/wp\/v2\/tags?post=35560"}],"curies":[{"name":"wp","href":"https:\/\/api.w.org\/{rel}","templated":true}]}}