{"id":34913,"date":"2022-03-03T07:59:17","date_gmt":"2022-03-03T06:59:17","guid":{"rendered":"https:\/\/www.tzp-kupa.hr\/turisticka-zajednica\/?p=34913"},"modified":"2022-03-03T07:59:17","modified_gmt":"2022-03-03T06:59:17","slug":"prijedlog-za-vikend-slava-raskaj","status":"publish","type":"post","link":"https:\/\/tzp-kupa.hr\/hr\/prijedlog-za-vikend-slava-raskaj\/","title":{"rendered":"Prijedlog za vikend \u2013 Slava Ra\u0161kaj"},"content":{"rendered":"<div class=\"kvgmc6g5 cxmmr5t8 oygrvhab hcukyx3x c1et5uql ii04i59q\" data-uw-styling-context=\"true\">\n<div dir=\"auto\" data-uw-styling-context=\"true\">U o\u017eujku je odli\u010dna ideja posjetiti Ozalj, gdje se obilje\u017eava\u00a0<a class=\"oajrlxb2 g5ia77u1 qu0x051f esr5mh6w e9989ue4 r7d6kgcz rq0escxv nhd2j8a9 nc684nl6 p7hjln8o kvgmc6g5 cxmmr5t8 oygrvhab hcukyx3x jb3vyjys rz4wbd8a qt6c0cv9 a8nywdso i1ao9s8h esuyzwwr f1sip0of lzcic4wl gpro0wi8 q66pz984 b1v8xokw\" tabindex=\"0\" role=\"link\" href=\"https:\/\/web.facebook.com\/events\/484331999763817\/?__cft__[0]=AZUMjPA3vDsRqljce-PQk0xpFchfCpHLYzGUni82vqT6Bsk9LvWNnMlu0vBQxEwz7AKiU6DO7V-y_0Tc4VzZadJTjmB8cJYBY3d9K0KLDzXhxC1oKD-O1PaaPOporZP6Jns56AJ2Enc0OKEw2_MDKPiJbqcgTAWrRtaH1L52EnixTF8dq6eCQYlHIC6UdUbXDdk&amp;__tn__=-UK-R\" data-uw-styling-context=\"true\"><span class=\"nc684nl6\" data-uw-styling-context=\"true\">MJESEC SLAVE RA\u0160KAJ U OZLJU 2022<\/span><\/a><\/div>\n<div dir=\"auto\" data-uw-styling-context=\"true\">.<\/div>\n<div dir=\"auto\" data-uw-styling-context=\"true\"><span class=\"pq6dq46d tbxw36s4 knj5qynh kvgmc6g5 ditlmg2l oygrvhab nvdbi5me sf5mxxl7 gl3lb2sf hhz5lgdu\" data-uw-styling-context=\"true\"><img loading=\"lazy\" decoding=\"async\" src=\"https:\/\/static.xx.fbcdn.net\/images\/emoji.php\/v9\/taa\/1.5\/16\/1f449.png\" alt=\"?\" width=\"16\" height=\"16\" data-uw-styling-context=\"true\" \/><\/span>Tako ve\u0107 u subotu 05.03. od 18:00 sati u\u00a0<a class=\"oajrlxb2 g5ia77u1 qu0x051f esr5mh6w e9989ue4 r7d6kgcz rq0escxv nhd2j8a9 nc684nl6 p7hjln8o kvgmc6g5 cxmmr5t8 oygrvhab hcukyx3x jb3vyjys rz4wbd8a qt6c0cv9 a8nywdso i1ao9s8h esuyzwwr f1sip0of lzcic4wl gpro0wi8 q66pz984 b1v8xokw\" tabindex=\"0\" role=\"link\" href=\"https:\/\/web.facebook.com\/Zavi%C4%8Dajni-muzej-Ozalj-543198982378437\/?__cft__[0]=AZUMjPA3vDsRqljce-PQk0xpFchfCpHLYzGUni82vqT6Bsk9LvWNnMlu0vBQxEwz7AKiU6DO7V-y_0Tc4VzZadJTjmB8cJYBY3d9K0KLDzXhxC1oKD-O1PaaPOporZP6Jns56AJ2Enc0OKEw2_MDKPiJbqcgTAWrRtaH1L52EnixTF8dq6eCQYlHIC6UdUbXDdk&amp;__tn__=kK-R\" data-uw-styling-context=\"true\"><span class=\"nc684nl6\" data-uw-styling-context=\"true\">Zavi\u010dajni muzej Ozalj<\/span><\/a>\u00a0ponosno predstavljamo 2 nove slike Slave Ra\u0161kaj u fundusu Muzeja\u00a0<a class=\"oajrlxb2 g5ia77u1 qu0x051f esr5mh6w e9989ue4 r7d6kgcz rq0escxv nhd2j8a9 nc684nl6 p7hjln8o kvgmc6g5 cxmmr5t8 oygrvhab hcukyx3x jb3vyjys rz4wbd8a qt6c0cv9 a8nywdso i1ao9s8h esuyzwwr f1sip0of lzcic4wl gpro0wi8 q66pz984 b1v8xokw\" tabindex=\"0\" role=\"link\" href=\"https:\/\/web.facebook.com\/events\/230573749212818\/?__cft__[0]=AZUMjPA3vDsRqljce-PQk0xpFchfCpHLYzGUni82vqT6Bsk9LvWNnMlu0vBQxEwz7AKiU6DO7V-y_0Tc4VzZadJTjmB8cJYBY3d9K0KLDzXhxC1oKD-O1PaaPOporZP6Jns56AJ2Enc0OKEw2_MDKPiJbqcgTAWrRtaH1L52EnixTF8dq6eCQYlHIC6UdUbXDdk&amp;__tn__=-UK-R\" data-uw-styling-context=\"true\"><span class=\"nc684nl6\" data-uw-styling-context=\"true\">Predstavljanje slika Slave Ra\u0161kaj<\/span><\/a><\/div>\n<div dir=\"auto\" data-uw-styling-context=\"true\"><\/div>\n<\/div>\n<div class=\"cxmmr5t8 oygrvhab hcukyx3x c1et5uql o9v6fnle ii04i59q\" data-uw-styling-context=\"true\">\n<div dir=\"auto\" data-uw-styling-context=\"true\"><span class=\"pq6dq46d tbxw36s4 knj5qynh kvgmc6g5 ditlmg2l oygrvhab nvdbi5me sf5mxxl7 gl3lb2sf hhz5lgdu\" data-uw-styling-context=\"true\"><img loading=\"lazy\" decoding=\"async\" src=\"https:\/\/static.xx.fbcdn.net\/images\/emoji.php\/v9\/taa\/1.5\/16\/1f449.png\" alt=\"?\" width=\"16\" height=\"16\" data-uw-styling-context=\"true\" \/><\/span>Dan poslije, u nedjelju 06.03. od 10:30 sati s polaskom ispred Etno parka Ozalj, uz stru\u010dno vodstvo, pro\u0161etajte\u00a0<a class=\"oajrlxb2 g5ia77u1 qu0x051f esr5mh6w e9989ue4 r7d6kgcz rq0escxv nhd2j8a9 nc684nl6 p7hjln8o kvgmc6g5 cxmmr5t8 oygrvhab hcukyx3x jb3vyjys rz4wbd8a qt6c0cv9 a8nywdso i1ao9s8h esuyzwwr f1sip0of lzcic4wl gpro0wi8 q66pz984 b1v8xokw\" tabindex=\"0\" role=\"link\" href=\"https:\/\/web.facebook.com\/events\/1147441609350002\/?__cft__[0]=AZUMjPA3vDsRqljce-PQk0xpFchfCpHLYzGUni82vqT6Bsk9LvWNnMlu0vBQxEwz7AKiU6DO7V-y_0Tc4VzZadJTjmB8cJYBY3d9K0KLDzXhxC1oKD-O1PaaPOporZP6Jns56AJ2Enc0OKEw2_MDKPiJbqcgTAWrRtaH1L52EnixTF8dq6eCQYlHIC6UdUbXDdk&amp;__tn__=-UK-R\" data-uw-styling-context=\"true\"><span class=\"nc684nl6\" data-uw-styling-context=\"true\">Putevima Slave Ra\u0161kaj<\/span><\/a><\/div>\n<\/div>\n<div dir=\"auto\" data-uw-styling-context=\"true\"><\/div>\n<div dir=\"auto\" data-uw-styling-context=\"true\">Detaljnije o programu prona\u0111ite na poveznici https:\/\/tzp-kupa.hr\/2022\/02\/16\/mjesec-slave-raskaj-2022-najava\/<\/div>\n","protected":false},"excerpt":{"rendered":"<p>U o\u017eujku je odli\u010dna ideja posjetiti Ozalj, gdje se obilje\u017eava\u00a0MJESEC SLAVE RA\u0160KAJ U OZLJU 2022 . Tako ve\u0107 u subotu 05.03. od 18:00 sati u\u00a0Zavi\u010dajni muzej Ozalj\u00a0ponosno predstavljamo 2 nove slike Slave Ra\u0161kaj u fundusu Muzeja\u00a0Predstavljanje slika Slave Ra\u0161kaj Dan poslije, u nedjelju 06.03. od 10:30 sati s polaskom ispred Etno parka Ozalj, uz stru\u010dno [&#8230;]\n","protected":false},"author":1,"featured_media":34914,"comment_status":"closed","ping_status":"closed","sticky":false,"template":"","format":"standard","meta":{"_monsterinsights_skip_tracking":false,"_monsterinsights_sitenote_active":false,"_monsterinsights_sitenote_note":"","_monsterinsights_sitenote_category":0,"footnotes":"","_links_to":"","_links_to_target":""},"categories":[79],"tags":[],"_links":{"self":[{"href":"https:\/\/tzp-kupa.hr\/hr\/wp-json\/wp\/v2\/posts\/34913"}],"collection":[{"href":"https:\/\/tzp-kupa.hr\/hr\/wp-json\/wp\/v2\/posts"}],"about":[{"href":"https:\/\/tzp-kupa.hr\/hr\/wp-json\/wp\/v2\/types\/post"}],"author":[{"embeddable":true,"href":"https:\/\/tzp-kupa.hr\/hr\/wp-json\/wp\/v2\/users\/1"}],"replies":[{"embeddable":true,"href":"https:\/\/tzp-kupa.hr\/hr\/wp-json\/wp\/v2\/comments?post=34913"}],"version-history":[{"count":0,"href":"https:\/\/tzp-kupa.hr\/hr\/wp-json\/wp\/v2\/posts\/34913\/revisions"}],"wp:featuredmedia":[{"embeddable":true,"href":"https:\/\/tzp-kupa.hr\/hr\/wp-json\/wp\/v2\/media\/34914"}],"wp:attachment":[{"href":"https:\/\/tzp-kupa.hr\/hr\/wp-json\/wp\/v2\/media?parent=34913"}],"wp:term":[{"taxonomy":"category","embeddable":true,"href":"https:\/\/tzp-kupa.hr\/hr\/wp-json\/wp\/v2\/categories?post=34913"},{"taxonomy":"post_tag","embeddable":true,"href":"https:\/\/tzp-kupa.hr\/hr\/wp-json\/wp\/v2\/tags?post=34913"}],"curies":[{"name":"wp","href":"https:\/\/api.w.org\/{rel}","templated":true}]}}