{"id":30987,"date":"2021-05-18T12:54:56","date_gmt":"2021-05-18T12:54:56","guid":{"rendered":"https:\/\/tzp-kupa.hr\/?p=30987"},"modified":"2021-05-18T12:54:56","modified_gmt":"2021-05-18T12:54:56","slug":"subota-22-5-u-ozlju-i-kamanju","status":"publish","type":"post","link":"https:\/\/tzp-kupa.hr\/hr\/subota-22-5-u-ozlju-i-kamanju\/","title":{"rendered":"SUBOTA 22.5. U OZLJU I KAMANJU"},"content":{"rendered":"\n<p><strong>Turisti\u010dka zajednica podru\u010dja Kupa<\/strong> i <strong>Javna ustanova \u201ePark prirode \u017dumberak \u2013 Samoborsko gorje\u201c<\/strong> pozivaju sve ljubitelje prirode na izlet i program pripremljen u Lovi\u0107u Prekri\u0161kom, u jednom od 4 termina \u2013 22.05.\/19.06.\/10.07.\/16.10.2021.<\/p>\n\n\n\n<p>Prvo dru\u017eenje zakazujemo u subotu 22. svibnja 2021. Tijekom \u0161etnje <strong>pou\u010dnom stazom \u201eGdje vo\u0107e zri\u201c<\/strong> zastat \u0107emo na poznatom vidikovcu te se sami uvjeriti u ljepotu na\u0161e domovine. Ako nas poslu\u017ei uistinu dobro vrijeme, izra\u010duni ka\u017eu da \u0107emo vidjeti i do 40% hrvatskog teritorija (od Novog Zagreba do Kleka!). Posjetiteljima \u0107e biti predstavljeni i multimedijalni sadr\u017eaji u Centru za posjetitelje kao i ponuda lokalnih OPG-ova, uz catering koji osigurava <strong>Restoran Vivodina<\/strong>.<\/p>\n\n\n\n<p>Od 11:00 sati sve goste zabavljat \u0107e <strong>dvojac La Papa iz Zagreba<\/strong>, zanimljiva kombinacija violon\u010delo\/ukulele, iskusni dvojac koji je bio nedavno u Ozlju i svojim eklekti\u010dnim setom hitova u neobi\u010dnom aran\u017emanu osvaja sve ve\u0107i broj obo\u017eavatelja.<\/p>\n\n\n\n<p>Ovom \u0161etnjom obilje\u017eit \u0107emo i dva va\u017ena datuma u za\u0161titi prirode \u2013 <strong>22. svibnja Dan za\u0161tite prirode Republike Hrvatske<\/strong> i 24. svibnja Europski dan parkova. Naime, Lovi\u0107 Prekri\u0161ki i okolica dio su Parka prirode \u201e\u017dumberak \u2013 Samoborsko gorje\u201c, jednog od 12 hrvatskih parkova prirode.<\/p>\n\n\n\n<p>Podru\u010dje Parka prirode \u201e\u017dumberak \u2013 Samoborsko gorje\u201c za\u0161ti\u0107eno je zbog mozai\u010dnog krajobraza. Fenomen je to kojeg je te\u0161ko do\u017eivjeti u jednom danu s jednog mjesta. Me\u0111utim, vidikovci u Lovi\u0107u Prekri\u0161kom jedni su od rijetkih lokacija s kojih se u svega sat vremena \u0161etnje mo\u017ee shvatiti razlog za\u0161tite ovog podru\u010dja. Posebnost ovog krajobraza \u010dine \u0161ume, vo\u0107njaci i vinogradi ure\u0111eni na moderan, ali ujedno i na tradicionalan na\u010din, suhi brdski travnjaci bogati orhidejama i drugim rijetkim i za\u0161ti\u0107enim vrstama te oranicama smje\u0161tenim na bre\u017euljkastom terenu. Sve je protkano selima i zaseocima. S ovog mjesta mo\u017eete vidjeti \u017dumbera\u010dku goru, Ple\u0161ivicu, Pokuplje i dio karlova\u010dkog podru\u010dja.<\/p>\n\n\n\n<p><strong>Mjesto polaska: Centar za posjetitelje Lovi\u0107 Prekri\u0161ki<\/strong><\/p>\n\n\n\n<p><strong>Vrijeme polaska: 11:00 i 13:00 h<\/strong><\/p>\n\n\n\n<p>Grupe od 25 sudionika pro\u0107i \u0107e uz besplatno stru\u010dno vodstvo pou\u010dnom stazom, najava nije potrebna.<\/p>\n\n\n\n<p>Pou\u010dna staza \u201eGdje vo\u0107e zri\u201c nezahtjevna je pje\u0161a\u010dka staza duljine 2km. Stru\u010dno vo\u0111eni obilazak trajat \u0107e oko 1h.<\/p>\n\n\n\n<p>Podsje\u0107amo, u subotu i nedjelju od 16:00 do 19:00 sati posjetitelji mogu posjetiti <strong>\u0161pilju Vrlovka<\/strong> i Arheo park u Kamanju, stru\u010dno vodstvo organiziraju kolege iz JU Natura Viva.<\/p>\n\n\n\n<p>Nedaleko Lovi\u0107a Prekri\u0161kog, u Ferencima na <strong>OPG \u0160tenta <\/strong>organiziran je piknik, cjelodnevni program za sve uzraste, uz degustacije i dru\u017eenje u prekrasnoj prirodi<\/p>\n\n\n\n<p>U Zavi\u010dajnom muzeju Ozalj otvorena je 6.Izlo\u017eba \u010dipke, posjetite Stari grad Ozalj.<\/p>\n\n\n\n<p>**Prije dolaska preuzmite na <strong>Google Play aplikaciju Lovi\u0107 Prekri\u0161ki AR<\/strong><\/p>\n\n\n\n<p>**<strong>Lokacija Centra<\/strong>:&nbsp;<a href=\"https:\/\/goo.gl\/maps\/jdjusfmFcznJqD4a6\" target=\"_blank\" rel=\"noreferrer noopener\">https:\/\/goo.gl\/maps\/jdjusfmFcznJqD4a6<\/a><\/p>\n\n\n\n<p>**Pozivamo sve zainteresirane udruge i institucije za provedbu aktivnosti u Centru tijekom godine da nam se najave u TZP Kupa radi dogovora termina.<\/p>\n","protected":false},"excerpt":{"rendered":"<p>Turisti\u010dka zajednica podru\u010dja Kupa i Javna ustanova \u201ePark prirode \u017dumberak \u2013 Samoborsko gorje\u201c pozivaju sve ljubitelje prirode na izlet i program pripremljen u Lovi\u0107u Prekri\u0161kom, u jednom od 4 termina \u2013 22.05.\/19.06.\/10.07.\/16.10.2021. Prvo dru\u017eenje zakazujemo u subotu 22. svibnja 2021. Tijekom \u0161etnje pou\u010dnom stazom \u201eGdje vo\u0107e zri\u201c zastat \u0107emo na poznatom vidikovcu te se sami [&#8230;]\n","protected":false},"author":1,"featured_media":30988,"comment_status":"closed","ping_status":"closed","sticky":false,"template":"","format":"standard","meta":{"_monsterinsights_skip_tracking":false,"_monsterinsights_sitenote_active":false,"_monsterinsights_sitenote_note":"","_monsterinsights_sitenote_category":0,"footnotes":"","_links_to":"","_links_to_target":""},"categories":[79,80],"tags":[],"_links":{"self":[{"href":"https:\/\/tzp-kupa.hr\/hr\/wp-json\/wp\/v2\/posts\/30987"}],"collection":[{"href":"https:\/\/tzp-kupa.hr\/hr\/wp-json\/wp\/v2\/posts"}],"about":[{"href":"https:\/\/tzp-kupa.hr\/hr\/wp-json\/wp\/v2\/types\/post"}],"author":[{"embeddable":true,"href":"https:\/\/tzp-kupa.hr\/hr\/wp-json\/wp\/v2\/users\/1"}],"replies":[{"embeddable":true,"href":"https:\/\/tzp-kupa.hr\/hr\/wp-json\/wp\/v2\/comments?post=30987"}],"version-history":[{"count":0,"href":"https:\/\/tzp-kupa.hr\/hr\/wp-json\/wp\/v2\/posts\/30987\/revisions"}],"wp:featuredmedia":[{"embeddable":true,"href":"https:\/\/tzp-kupa.hr\/hr\/wp-json\/"}],"wp:attachment":[{"href":"https:\/\/tzp-kupa.hr\/hr\/wp-json\/wp\/v2\/media?parent=30987"}],"wp:term":[{"taxonomy":"category","embeddable":true,"href":"https:\/\/tzp-kupa.hr\/hr\/wp-json\/wp\/v2\/categories?post=30987"},{"taxonomy":"post_tag","embeddable":true,"href":"https:\/\/tzp-kupa.hr\/hr\/wp-json\/wp\/v2\/tags?post=30987"}],"curies":[{"name":"wp","href":"https:\/\/api.w.org\/{rel}","templated":true}]}}