{"id":30663,"date":"2021-05-08T06:18:18","date_gmt":"2021-05-08T06:18:18","guid":{"rendered":"https:\/\/tzp-kupa.hr\/?p=30663"},"modified":"2021-05-08T06:18:18","modified_gmt":"2021-05-08T06:18:18","slug":"odgadamo-dio-programa-u-jaskovu","status":"publish","type":"post","link":"https:\/\/tzp-kupa.hr\/hr\/odgadamo-dio-programa-u-jaskovu\/","title":{"rendered":"ODGA\u0110AMO DIO PROGRAMA U JA\u0160KOVU"},"content":{"rendered":"\n<p>Uslijed neo\u010dekivano velike koli\u010dine padalina tokom ju\u010dera\u0161njeg dana i no\u0107i, s velikim \u017ealjenjem moramo obavijestiti da zbog tehni\u010dkih razloga ne\u0107emo mo\u0107i realizirati ve\u0107i dio najavljenog programa.<\/p>\n\n\n\n<p>Zbog izrazito mokrih lokaliteta predvi\u0111enih za odr\u017eavanje aktivnosti, ne bismo mogli pru\u017eiti zami\u0161ljenu atmosferu i do\u017eivljaj te moramo odgoditi:- nastup Stjepana Jimmy Stani\u0107a- piknik zonuStru\u010dno vo\u0111ena ruta \u0160trudla by bike \u0107e se voziti kako je predvi\u0111eno (osim obilaska u\u0161\u0107a Dobre u Kupu).Likovna radionica Art apetit odrzat ce kako je najavljeno.<\/p>\n\n\n\n<p><br>Tako\u0111er, pozivamo vas da posjetite punktove na ruti u Ja\u0161kovu &#8211; <a rel=\"noreferrer noopener\" href=\"https:\/\/www.facebook.com\/opg.kovac?__cft__[0]=AZUJukf0-1bRLKA1nCMclUMgJMSnc2igSuuGPud20xRCB8g3BuzmNfVOAJ_1HdQ24PcDlZMRYvLBb0ZspfDz3k3a4a0y-Hh7MliL4SsQotQXNnnaCHqVWiRX3K_HmTa-r2WBpEcZDSi22bGeCR5JacPRdEsWeISARJnCGVdFOutEIg&amp;__tn__=-]K-R\" target=\"_blank\">Opg Kova\u010d<\/a>, Matin mlin i <a rel=\"noreferrer noopener\" href=\"https:\/\/www.facebook.com\/restoranzganjer\/?__cft__[0]=AZUJukf0-1bRLKA1nCMclUMgJMSnc2igSuuGPud20xRCB8g3BuzmNfVOAJ_1HdQ24PcDlZMRYvLBb0ZspfDz3k3a4a0y-Hh7MliL4SsQotQXNnnaCHqVWiRX3K_HmTa-r2WBpEcZDSi22bGeCR5JacPRdEsWeISARJnCGVdFOutEIg&amp;__tn__=kK-R\" target=\"_blank\">Restoran \u017dganjer<\/a> te pavlinski samostan u Sveticama. <\/p>\n\n\n\n<p>Podsje\u0107amo, na ruti Vrhovac \u010dekaju vas u <a rel=\"noreferrer noopener\" href=\"https:\/\/www.facebook.com\/obiteljskopoljoprivrednogospodarstvoculig\/?__cft__[0]=AZUJukf0-1bRLKA1nCMclUMgJMSnc2igSuuGPud20xRCB8g3BuzmNfVOAJ_1HdQ24PcDlZMRYvLBb0ZspfDz3k3a4a0y-Hh7MliL4SsQotQXNnnaCHqVWiRX3K_HmTa-r2WBpEcZDSi22bGeCR5JacPRdEsWeISARJnCGVdFOutEIg&amp;__tn__=kK-R\" target=\"_blank\">Selja\u010dko doma\u0107instvo Stjepan \u010culig<\/a>, ekolo\u0161ki \u010de\u0161njak OPG Meserko <a rel=\"noreferrer noopener\" href=\"https:\/\/www.facebook.com\/milimalionline\/?__cft__[0]=AZUJukf0-1bRLKA1nCMclUMgJMSnc2igSuuGPud20xRCB8g3BuzmNfVOAJ_1HdQ24PcDlZMRYvLBb0ZspfDz3k3a4a0y-Hh7MliL4SsQotQXNnnaCHqVWiRX3K_HmTa-r2WBpEcZDSi22bGeCR5JacPRdEsWeISARJnCGVdFOutEIg&amp;__tn__=kK-R\" target=\"_blank\">mili mali<\/a> i <a rel=\"noreferrer noopener\" href=\"https:\/\/www.facebook.com\/OpgStenta\/?__cft__[0]=AZUJukf0-1bRLKA1nCMclUMgJMSnc2igSuuGPud20xRCB8g3BuzmNfVOAJ_1HdQ24PcDlZMRYvLBb0ZspfDz3k3a4a0y-Hh7MliL4SsQotQXNnnaCHqVWiRX3K_HmTa-r2WBpEcZDSi22bGeCR5JacPRdEsWeISARJnCGVdFOutEIg&amp;__tn__=kK-R\" target=\"_blank\">Opg \u0160tenta- Zdrava hrana iz PP \u017dumberak<\/a> u Ferencima.<\/p>\n\n\n\n<p>Na ruti \u017dakanje posjetite <a rel=\"noreferrer noopener\" href=\"https:\/\/www.facebook.com\/RestoranDoris\/?__cft__[0]=AZUJukf0-1bRLKA1nCMclUMgJMSnc2igSuuGPud20xRCB8g3BuzmNfVOAJ_1HdQ24PcDlZMRYvLBb0ZspfDz3k3a4a0y-Hh7MliL4SsQotQXNnnaCHqVWiRX3K_HmTa-r2WBpEcZDSi22bGeCR5JacPRdEsWeISARJnCGVdFOutEIg&amp;__tn__=kK-R\" target=\"_blank\">Restoran Doris<\/a> i <a rel=\"noreferrer noopener\" href=\"https:\/\/www.facebook.com\/P%C4%8Delarstvo-Koli%C4%87-Ivanov-med-526082280832398\/?__cft__[0]=AZUJukf0-1bRLKA1nCMclUMgJMSnc2igSuuGPud20xRCB8g3BuzmNfVOAJ_1HdQ24PcDlZMRYvLBb0ZspfDz3k3a4a0y-Hh7MliL4SsQotQXNnnaCHqVWiRX3K_HmTa-r2WBpEcZDSi22bGeCR5JacPRdEsWeISARJnCGVdFOutEIg&amp;__tn__=kK-R\" target=\"_blank\">P\u010delarstvo Koli\u0107 -Ivanov med<\/a>.O novostima na na\u0161oj najsla\u0111oj bike ruti obavijestit \u0107emo danas na press konferenciji u 10:30 sati u Ja\u0161kovu, ispred Restorana \u017dganjer.<\/p>\n","protected":false},"excerpt":{"rendered":"<p>Uslijed neo\u010dekivano velike koli\u010dine padalina tokom ju\u010dera\u0161njeg dana i no\u0107i, s velikim \u017ealjenjem moramo obavijestiti da zbog tehni\u010dkih razloga ne\u0107emo mo\u0107i realizirati ve\u0107i dio najavljenog programa. Zbog izrazito mokrih lokaliteta predvi\u0111enih za odr\u017eavanje aktivnosti, ne bismo mogli pru\u017eiti zami\u0161ljenu atmosferu i do\u017eivljaj te moramo odgoditi:- nastup Stjepana Jimmy Stani\u0107a- piknik zonuStru\u010dno vo\u0111ena ruta \u0160trudla by [&#8230;]\n","protected":false},"author":1,"featured_media":30862,"comment_status":"closed","ping_status":"closed","sticky":false,"template":"","format":"standard","meta":{"_monsterinsights_skip_tracking":false,"_monsterinsights_sitenote_active":false,"_monsterinsights_sitenote_note":"","_monsterinsights_sitenote_category":0,"footnotes":"","_links_to":"","_links_to_target":""},"categories":[79,80],"tags":[],"_links":{"self":[{"href":"https:\/\/tzp-kupa.hr\/hr\/wp-json\/wp\/v2\/posts\/30663"}],"collection":[{"href":"https:\/\/tzp-kupa.hr\/hr\/wp-json\/wp\/v2\/posts"}],"about":[{"href":"https:\/\/tzp-kupa.hr\/hr\/wp-json\/wp\/v2\/types\/post"}],"author":[{"embeddable":true,"href":"https:\/\/tzp-kupa.hr\/hr\/wp-json\/wp\/v2\/users\/1"}],"replies":[{"embeddable":true,"href":"https:\/\/tzp-kupa.hr\/hr\/wp-json\/wp\/v2\/comments?post=30663"}],"version-history":[{"count":0,"href":"https:\/\/tzp-kupa.hr\/hr\/wp-json\/wp\/v2\/posts\/30663\/revisions"}],"wp:featuredmedia":[{"embeddable":true,"href":"https:\/\/tzp-kupa.hr\/hr\/wp-json\/"}],"wp:attachment":[{"href":"https:\/\/tzp-kupa.hr\/hr\/wp-json\/wp\/v2\/media?parent=30663"}],"wp:term":[{"taxonomy":"category","embeddable":true,"href":"https:\/\/tzp-kupa.hr\/hr\/wp-json\/wp\/v2\/categories?post=30663"},{"taxonomy":"post_tag","embeddable":true,"href":"https:\/\/tzp-kupa.hr\/hr\/wp-json\/wp\/v2\/tags?post=30663"}],"curies":[{"name":"wp","href":"https:\/\/api.w.org\/{rel}","templated":true}]}}