{"id":30634,"date":"2021-04-27T13:29:24","date_gmt":"2021-04-27T13:29:24","guid":{"rendered":"https:\/\/tzp-kupa.hr\/?p=30634"},"modified":"2021-04-27T13:29:24","modified_gmt":"2021-04-27T13:29:24","slug":"posaljite-razglednicu-30-04-iz-ozlja","status":"publish","type":"post","link":"https:\/\/tzp-kupa.hr\/hr\/posaljite-razglednicu-30-04-iz-ozlja\/","title":{"rendered":"PO\u0160ALJITE RAZGLEDNICU 30.04. IZ OZLJA"},"content":{"rendered":"\n<p><br><\/p>\n\n\n\n<p>Kada ste zadnji put poslali razglednicu nekome?&nbsp;<img loading=\"lazy\" decoding=\"async\" height=\"16\" width=\"16\" alt=\"?\" src=\"https:\/\/ci3.googleusercontent.com\/proxy\/MAfHhce_YJRo6DRAsqCjJIEAC3Y2gEGUFOJYm5ArUPIwFq-RhsEtbi4fenGP-s8EGufe_MhrM3E3fqDDPcI2Dy-Nmgj01WC_MsZlqLOrNdgbG9C6xWIX=s0-d-e1-ft#https:\/\/static.xx.fbcdn.net\/images\/emoji.php\/v9\/t55\/1.5\/16\/1f44d.png\">Za 350. obljetnicu pogibije Petra Zrinskog i F. K. Frankopana prigodni \u017eig napravio je g. Stjepan Zdenko Brezari\u0107 na osnovu grbova Zrinskih i Frankopana iz kulturno-povijesne zbirke Zavi\u010dajnog muzeja Ozalj, koje je rekonstruirala Vjera Bojni\u010di\u0107..Po\u0161aljite samo u petak 30.04. iz Ozlja razglednicu, prigodno&amp;retro<\/p>\n\n\n\n<p>Preuzmite razglednice (i markice) s motivima iz frankopanske povijesti &#8211; besplatno &#8211; u uredu TZP Kupa ili <a rel=\"noreferrer noopener\" href=\"https:\/\/www.facebook.com\/Zavi%C4%8Dajni-muzej-Ozalj-543198982378437\/?__cft__[0]=AZVofucYYUC3te1PkWarHDnlL8zQHXbNcs2vKYtGQHZkBqUic_ZIxUSTP2d9w5ZanZ5EgYI8bvawm9fpF-1-_A0UzM1JxfVM35UM6i4m2aH0QBwH2EuduInQhxRo4XBQa5R2lxc7u6aNO-HA5fY0k9DWc5qoTVkkLUw8v6Ci0AEY8Q&amp;__tn__=kK-R\" target=\"_blank\">Zavi\u010dajni muzej Ozalj<\/a><\/p>\n\n\n\n<figure class=\"wp-block-image size-large\"><img decoding=\"async\" src=\"https:\/\/tzp-kupa.hr\/wp-content\/uploads\/2021\/04\/razglednice.jpg\" alt=\"\" class=\"wp-image-30636\"\/><\/figure>\n","protected":false},"excerpt":{"rendered":"<p>Kada ste zadnji put poslali razglednicu nekome?&nbsp;Za 350. obljetnicu pogibije Petra Zrinskog i F. K. Frankopana prigodni \u017eig napravio je g. Stjepan Zdenko Brezari\u0107 na osnovu grbova Zrinskih i Frankopana iz kulturno-povijesne zbirke Zavi\u010dajnog muzeja Ozalj, koje je rekonstruirala Vjera Bojni\u010di\u0107..Po\u0161aljite samo u petak 30.04. iz Ozlja razglednicu, prigodno&amp;retro Preuzmite razglednice (i markice) s motivima [&#8230;]\n","protected":false},"author":1,"featured_media":30635,"comment_status":"closed","ping_status":"closed","sticky":false,"template":"","format":"standard","meta":{"_monsterinsights_skip_tracking":false,"_monsterinsights_sitenote_active":false,"_monsterinsights_sitenote_note":"","_monsterinsights_sitenote_category":0,"footnotes":"","_links_to":"","_links_to_target":""},"categories":[79,80],"tags":[],"_links":{"self":[{"href":"https:\/\/tzp-kupa.hr\/hr\/wp-json\/wp\/v2\/posts\/30634"}],"collection":[{"href":"https:\/\/tzp-kupa.hr\/hr\/wp-json\/wp\/v2\/posts"}],"about":[{"href":"https:\/\/tzp-kupa.hr\/hr\/wp-json\/wp\/v2\/types\/post"}],"author":[{"embeddable":true,"href":"https:\/\/tzp-kupa.hr\/hr\/wp-json\/wp\/v2\/users\/1"}],"replies":[{"embeddable":true,"href":"https:\/\/tzp-kupa.hr\/hr\/wp-json\/wp\/v2\/comments?post=30634"}],"version-history":[{"count":0,"href":"https:\/\/tzp-kupa.hr\/hr\/wp-json\/wp\/v2\/posts\/30634\/revisions"}],"wp:featuredmedia":[{"embeddable":true,"href":"https:\/\/tzp-kupa.hr\/hr\/wp-json\/"}],"wp:attachment":[{"href":"https:\/\/tzp-kupa.hr\/hr\/wp-json\/wp\/v2\/media?parent=30634"}],"wp:term":[{"taxonomy":"category","embeddable":true,"href":"https:\/\/tzp-kupa.hr\/hr\/wp-json\/wp\/v2\/categories?post=30634"},{"taxonomy":"post_tag","embeddable":true,"href":"https:\/\/tzp-kupa.hr\/hr\/wp-json\/wp\/v2\/tags?post=30634"}],"curies":[{"name":"wp","href":"https:\/\/api.w.org\/{rel}","templated":true}]}}