{"id":30622,"date":"2021-04-26T08:03:54","date_gmt":"2021-04-26T08:03:54","guid":{"rendered":"https:\/\/tzp-kupa.hr\/?p=30622"},"modified":"2021-04-26T08:03:54","modified_gmt":"2021-04-26T08:03:54","slug":"30-04-sesta-izlozba-cipke-u-ozlju","status":"publish","type":"post","link":"https:\/\/tzp-kupa.hr\/hr\/30-04-sesta-izlozba-cipke-u-ozlju\/","title":{"rendered":"30.04. \u0160ESTA IZLO\u017dBA \u010cIPKE U OZLJU"},"content":{"rendered":"\n<p><br><\/p>\n\n\n\n<p>\u0160esta izlo\u017eba \u010dipke u Ozlju obuhvatit \u0107e 8 hrvatskih \u010dipkarskih sredi\u0161ta, te prezentirati \u010dipke iz Litve, \u010ce\u0161ke, Slovenije, Crne Gore, Norve\u0161ke i Kanade. Izlo\u017eba \u0107e biti otvorena 30. travnja 2021. godine na 350. Obljetnicu pogibije Petra Zrinskog i Frana Krste Frankopana \u010dime \u017eelimo dodatno istaknuti njen kulturni identitet u okviru op\u0107eg hrvatskog identiteta.<br>Danas \u010dipka u Hrvatskoj ve\u017ee \u010dipkarska sredi\u0161ta i doista svi se iskreno raduju kada mogu iz jednog mjesta i\u0107i u drugo i prezentirati svoje radove, ali prije svega izmjenjivati svoja iskustva na izlo\u017ebama i festivalima \u010dipke. Kako bismo to omogu\u0107ili ove 2021. godine \u0161esta izlo\u017eba \u010dipke u Ozlju odr\u017eat \u0107e se kao i ina\u010de u galerijskom prostoru Zavi\u010dajnog muzeja Ozalj, ali brojni sadr\u017eaji bit \u0107e dostupni i online kako bi upravo radi razmjene iskustva i popularizacije \u010dipkarstva doprijeti do \u0161to ve\u0107eg broja ljudi.<br>Jalba kao kulturno dobro s lokalnim posebnostima, definiranima goegrafskom, kulturolo\u0161kom te sociolo\u0161kom komponentom sela Trg, nastoji postati rasprostranjenija kulturna pojava, dok KUD \u201eKlju\u010d iz Trga nastoji odr\u017eati tradiciju izrade jalbe na ozaljskom podru\u010dju. Kao \u0161to ova konstatacija vrijedi za jalbu, vrijedi i za ostale hrvatske \u010dipke i \u010dipkarska sredi\u0161ta, ali i ona strana koje \u0107emo prezentirati na \u0161estoj izlo\u017ebi \u010dipke u Ozlju.<br>Za \u010dipkarstvo se mo\u017ee tako\u0111er re\u0107i da je bazirano na dru\u0161tvenosti, socijalnom anga\u017emanu, \u0161to je na\u017ealost u ovo vrijeme COVID-a svima nedosti\u017eno. Tradicija izrade pojedine \u010dipke uglavnom se prenosi s generacije na generaciju usmenom predajom, pri\u010dom, podukom. Brojna \u010dipkarska sredi\u0161ta su se odr\u017eala upravo zbog toga \u0161to su uglavnom \u017eene, okupljene u manja dru\u0161tva, izra\u0111uju\u0107i prekrasne \u010dipkarske rukotvorine, odr\u017eavale i socijalne kontakte sa svojim sumje\u0161tanima, prijateljicama, a ponekad bi od toga i ne\u0161to zaradile. U selima poput Trga \u010dipka, odnosno jalba je bila statusni simbol. Simbol koji je vezao \u017eenu uz njenu obitelj, simbol koji ju je kao udanu \u017eenu u selu stavljao na pijedestal za\u0161ti\u0107enosti, ali i op\u0107e osude, ukoliko selo radi neke okolnosti, pa \u010dak i tra\u010da, tako procijeni.<\/p>\n","protected":false},"excerpt":{"rendered":"<p>\u0160esta izlo\u017eba \u010dipke u Ozlju obuhvatit \u0107e 8 hrvatskih \u010dipkarskih sredi\u0161ta, te prezentirati \u010dipke iz Litve, \u010ce\u0161ke, Slovenije, Crne Gore, Norve\u0161ke i Kanade. Izlo\u017eba \u0107e biti otvorena 30. travnja 2021. godine na 350. Obljetnicu pogibije Petra Zrinskog i Frana Krste Frankopana \u010dime \u017eelimo dodatno istaknuti njen kulturni identitet u okviru op\u0107eg hrvatskog identiteta.Danas \u010dipka u [&#8230;]\n","protected":false},"author":1,"featured_media":30623,"comment_status":"closed","ping_status":"closed","sticky":false,"template":"","format":"standard","meta":{"_monsterinsights_skip_tracking":false,"_monsterinsights_sitenote_active":false,"_monsterinsights_sitenote_note":"","_monsterinsights_sitenote_category":0,"footnotes":"","_links_to":"","_links_to_target":""},"categories":[79,80],"tags":[],"_links":{"self":[{"href":"https:\/\/tzp-kupa.hr\/hr\/wp-json\/wp\/v2\/posts\/30622"}],"collection":[{"href":"https:\/\/tzp-kupa.hr\/hr\/wp-json\/wp\/v2\/posts"}],"about":[{"href":"https:\/\/tzp-kupa.hr\/hr\/wp-json\/wp\/v2\/types\/post"}],"author":[{"embeddable":true,"href":"https:\/\/tzp-kupa.hr\/hr\/wp-json\/wp\/v2\/users\/1"}],"replies":[{"embeddable":true,"href":"https:\/\/tzp-kupa.hr\/hr\/wp-json\/wp\/v2\/comments?post=30622"}],"version-history":[{"count":0,"href":"https:\/\/tzp-kupa.hr\/hr\/wp-json\/wp\/v2\/posts\/30622\/revisions"}],"wp:featuredmedia":[{"embeddable":true,"href":"https:\/\/tzp-kupa.hr\/hr\/wp-json\/"}],"wp:attachment":[{"href":"https:\/\/tzp-kupa.hr\/hr\/wp-json\/wp\/v2\/media?parent=30622"}],"wp:term":[{"taxonomy":"category","embeddable":true,"href":"https:\/\/tzp-kupa.hr\/hr\/wp-json\/wp\/v2\/categories?post=30622"},{"taxonomy":"post_tag","embeddable":true,"href":"https:\/\/tzp-kupa.hr\/hr\/wp-json\/wp\/v2\/tags?post=30622"}],"curies":[{"name":"wp","href":"https:\/\/api.w.org\/{rel}","templated":true}]}}