{"id":28233,"date":"2019-12-12T14:45:34","date_gmt":"2019-12-12T13:45:34","guid":{"rendered":"https:\/\/www.ozalj-tz.hr\/hr\/?p=28233"},"modified":"2019-12-12T14:45:34","modified_gmt":"2019-12-12T13:45:34","slug":"program-potpora-turizmu-2020-ozalj","status":"publish","type":"post","link":"https:\/\/tzp-kupa.hr\/hr\/program-potpora-turizmu-2020-ozalj\/","title":{"rendered":"Program potpora turizmu 2020. Ozalj"},"content":{"rendered":"<p>Pozivamo na predstavljanje Programa potpora u turizmu Grada Ozlja za 2020.godinu, zakazano u cetvrtak 12.11. od 18 sati u Gradskoj vije\u0107nici.<br \/>\nProgram \u0107e uz Gradona\u010delnicu Gordanu Lip\u0161ini\u0107 predstaviti Stjepan Bezjak, predsjednik Odbora za turizam Grada Ozlja i Toni \u0160ari\u0107, vi\u0161i stru\u010dni suradnik za gospodarstvo i projekte.<\/p>\n<p>Molimo prenesite vijest potencijalno zainteresiranima.<\/p>\n<p><img loading=\"lazy\" decoding=\"async\" class=\"alignleft size-full wp-image-28711\" src=\"https:\/\/tzp-kupa.hr\/wp-content\/uploads\/2019\/12\/turizam2020-web.jpg\" alt=\"\" width=\"800\" height=\"1131\" \/><\/p>\n","protected":false},"excerpt":{"rendered":"<p>Pozivamo na predstavljanje Programa potpora u turizmu Grada Ozlja za 2020.godinu, zakazano u cetvrtak 12.11. od 18 sati u Gradskoj vije\u0107nici. Program \u0107e uz Gradona\u010delnicu Gordanu Lip\u0161ini\u0107 predstaviti Stjepan Bezjak, predsjednik Odbora za turizam Grada Ozlja i Toni \u0160ari\u0107, vi\u0161i stru\u010dni suradnik za gospodarstvo i projekte. Molimo prenesite vijest potencijalno zainteresiranima.<\/p>\n","protected":false},"author":1,"featured_media":28234,"comment_status":"closed","ping_status":"closed","sticky":false,"template":"","format":"standard","meta":{"_monsterinsights_skip_tracking":false,"_monsterinsights_sitenote_active":false,"_monsterinsights_sitenote_note":"","_monsterinsights_sitenote_category":0,"footnotes":"","_links_to":"","_links_to_target":""},"categories":[72],"tags":[],"_links":{"self":[{"href":"https:\/\/tzp-kupa.hr\/hr\/wp-json\/wp\/v2\/posts\/28233"}],"collection":[{"href":"https:\/\/tzp-kupa.hr\/hr\/wp-json\/wp\/v2\/posts"}],"about":[{"href":"https:\/\/tzp-kupa.hr\/hr\/wp-json\/wp\/v2\/types\/post"}],"author":[{"embeddable":true,"href":"https:\/\/tzp-kupa.hr\/hr\/wp-json\/wp\/v2\/users\/1"}],"replies":[{"embeddable":true,"href":"https:\/\/tzp-kupa.hr\/hr\/wp-json\/wp\/v2\/comments?post=28233"}],"version-history":[{"count":0,"href":"https:\/\/tzp-kupa.hr\/hr\/wp-json\/wp\/v2\/posts\/28233\/revisions"}],"wp:featuredmedia":[{"embeddable":true,"href":"https:\/\/tzp-kupa.hr\/hr\/wp-json\/"}],"wp:attachment":[{"href":"https:\/\/tzp-kupa.hr\/hr\/wp-json\/wp\/v2\/media?parent=28233"}],"wp:term":[{"taxonomy":"category","embeddable":true,"href":"https:\/\/tzp-kupa.hr\/hr\/wp-json\/wp\/v2\/categories?post=28233"},{"taxonomy":"post_tag","embeddable":true,"href":"https:\/\/tzp-kupa.hr\/hr\/wp-json\/wp\/v2\/tags?post=28233"}],"curies":[{"name":"wp","href":"https:\/\/api.w.org\/{rel}","templated":true}]}}