{"id":28080,"date":"2019-06-14T09:23:11","date_gmt":"2019-06-14T07:23:11","guid":{"rendered":"https:\/\/www.ozalj-tz.hr\/hr\/?p=28080"},"modified":"2019-06-14T09:23:11","modified_gmt":"2019-06-14T07:23:11","slug":"ljeto-u-ozlju-program","status":"publish","type":"post","link":"https:\/\/tzp-kupa.hr\/hr\/ljeto-u-ozlju-program\/","title":{"rendered":"Ljeto u Ozlju &#8211; program"},"content":{"rendered":"<p><img loading=\"lazy\" decoding=\"async\" class=\"size-full wp-image-28743 alignnone\" src=\"https:\/\/tzp-kupa.hr\/wp-content\/uploads\/2019\/06\/ozalj-ljeto.jpg\" alt=\"\" width=\"700\" height=\"525\" \/><\/p>\n<p style=\"font-weight: 400;\">\u010cetvrta ljetna sezona na obnovljenom Gradskom kupali\u0161tu u Ozlju, ispod prekrasne HE Munjara s pogledom na Stari grad, upravo po\u010dinje. Od 15.6. pa do sredine kolovoza organiziran je raznovrstan program \u2013 od koncerata klasi\u010dne i zabavne glazbe i projekcija filmova preko kreativnih radionica do rekreacijskih sadr\u017eaja.<\/p>\n<p style=\"font-weight: 400;\">Na samom po\u010detku, u subotu 15.6. je ve\u0107 tradicionalno otvaranje sezone &#8211; 13. okupljanje zaljubljenika u motore organiziraju ozaljski bikeri\u00a0<em>Colapis Riders<\/em>. Tijekom tog vikenda je u Ozlju i okolici zanimljivo: u subotu prijepodne u centru Ozlja, u popularnoj Humi\u010dki, od 9:00 sati po\u010dinje serija dru\u017eenja sa ozaljskim p\u010delarima i poljoprivrednicima nazvana\u00a0<strong>Ozaljski med<\/strong>\u00a0\u2013 prvi se predstavljaju nagra\u0111ivani\u00a0<em>OPG \u0160tenta<\/em>, iz Ferenaca, a u srpnju i P\u010delarstvo Koli\u0107. U\u00a0<strong>Zavi\u010dajnom muzeju Ozalj<\/strong>\u00a0isti dan od 18:00 sati zakazano je otvaranje izlo\u017ebe \u201e<em>Vrlovka nakon 7000 godina\u201c.<\/em><\/p>\n<p style=\"font-weight: 400;\">Tradicijska manifestacija\u00a0<strong>Dani vina u Vivodini<\/strong>\u00a0po 27. put se odr\u017eava od 14. do 16.lipnja, poseban gost je legendarni\u00a0<strong>Mate Buli\u0107<\/strong>, koji nastupa u petak 14.lipnja.<\/p>\n<p style=\"font-weight: 400;\">Posljednji vikend u lipnju, 29.6. u idili\u010dnom ambijentu Etno parka od 19:00 sati \u0107e nastupiti zagreba\u010dki\u00a0<strong>guda\u010dki kvartet Porin<\/strong>, u organizaciji Zavi\u010dajnog muzeja Ozalj i Pu\u010dkog otvorenog u\u010dili\u0161ta Ozalj.<\/p>\n<p style=\"font-weight: 400;\">Odmah potom, u Ozalj dolazi sjajni\u00a0<strong>Me\u0111unarodni festival folklora Karlovac<\/strong>, ponovo atraktivne folklorne skupine nastupaju u Starom gradu, u ponedjeljak 1.7. od 20:00 sati.<\/p>\n<p style=\"font-weight: 400;\">U suradnji sa\u00a0<em>Glazbenom \u0161kolom Karlovac<\/em>\u00a0organizirana su 2 koncerta \u2013 najprije polaznici\u00a0<strong>Me\u0111unarodne \u0161kole gitare<\/strong>\u00a0<strong>2019.<\/strong>\u00a0predstavljaju tijekom \u0161kole uvje\u017ebane materijale, a onda i veliki nastup tambura\u0161kih sekcija na otvorenom, u okviru projekta\u00a0<strong>\u201eSpas za tamburicu 1-2-3\u201c.<\/strong><\/p>\n<p style=\"font-weight: 400;\">Jedan od najpoznatijih doma\u0107ih velemajstora usne harmonike\u00a0<em>Igor Djeke<\/em>, trenutno \u010dlan kultnog sastava Disciplina Ki\u010dme, odr\u017eat \u0107e u Ozlju\u00a0<a href=\"http:\/\/6.7.na\/\" data-saferedirecturl=\"https:\/\/www.google.com\/url?q=http:\/\/6.7.na&amp;source=gmail&amp;ust=1560582372402000&amp;usg=AFQjCNFypQAo9NlmcPkzDjr6bIU4IbGvbA\">6.7.na<\/a>\u00a0Gradskom kupali\u0161tu radionicu sviranja usne harmonike i potom odr\u017eati koncert\u00a0<strong>Harp Explosion!<\/strong><\/p>\n<p style=\"font-weight: 400;\">Ponovo nam u goste dolazi\u00a0<strong>Neno Belan &amp; Fiumens<\/strong>, dru\u017eenje na Kupali\u0161tu S Pogledom je zakazano za 19.7.<\/p>\n<p style=\"font-weight: 400;\">Ljubitelji gledanja filmova na otvorenom \u0107e do\u0107i na svoje, ovo ljeto gledamo ponovo filmove u\u00a0<strong>Rije\u010dnom kinu<\/strong>\u00a0Kino kluba Karlovac, a u 2 dvodnevna termina filmske hitove za cijelu obitelj gledamo kod spomenika, u organizaciji agilne karlova\u010dke ekipe Radar\/<strong>Film za van<\/strong>.<\/p>\n<p style=\"font-weight: 400;\">Iz Karlovca nam u goste &#8211; uz vru\u0107e latino ritmove i animaciju uz vodu &#8211; u srpnju ponovo dolazi\u00a0<a href=\"https:\/\/www.facebook.com\/sasa.lugar?fref=mentions\" data-saferedirecturl=\"https:\/\/www.google.com\/url?q=https:\/\/www.facebook.com\/sasa.lugar?fref%3Dmentions&amp;source=gmail&amp;ust=1560582372402000&amp;usg=AFQjCNEEZVoPowzJiJTTubNvn5Qja1ebdg\"><strong>Sa\u0161a Lugar i River Dance<\/strong><\/a><strong><em>\u00a0Karlovac\u00a0<\/em><\/strong>ekipa.<\/p>\n<p style=\"font-weight: 400;\">Svakako pozivamo da posjetite i\u00a0<strong>Vrhovac 20.7.<\/strong>\u00a0&#8211; izvrsna Ozalj-Vrhovac Trail utrka i Stare seoske igre svake godine privla\u010de sve vi\u0161e posjetitelja u to prekrasno selo.<\/p>\n<p style=\"font-weight: 400;\">Pridru\u017eite nam se, do\u0111ite u dobrom dru\u0161tvu i donesite pozitivne vibracije na na\u0161e obnovljeno i ure\u0111eno\u00a0<strong>Kupali\u0161te S Pogledom<\/strong>.<\/p>\n<p style=\"font-weight: 400;\"><em>Ulaz na sve programe je slobodan.<\/em><\/p>\n<p style=\"font-weight: 400;\">Pokrovitelji &#8211; Grad Ozalj i Turisti\u010dka zajednica Grada Ozlja<\/p>\n<p><strong>PROGRAM LJETO U OZLJU 2019<\/strong><\/p>\n<p style=\"font-weight: 400;\">14-16.6.<strong>\u00a0Dani vina u Vivodini<\/strong><\/p>\n<p style=\"font-weight: 400;\">15.6.<strong>\u00a0\u00a0\u00a0\u00a0\u00a0\u00a0 13.Collapis party @Gradsko kupali\u0161te Ozalj<\/strong><\/p>\n<p style=\"font-weight: 400;\"><strong>\u00a0\u00a0\u00a0\u00a0\u00a0\u00a0\u00a0\u00a0\u00a0\u00a0\u00a0\u00a0\u00a0\u00a0\u00a0 Otvorenje izlo\u017ebe \u201eVrlovka nakon 7000 godina\u201c 18:00 @Zavi\u010dajni muzej Ozalj<\/strong><\/p>\n<p style=\"font-weight: 400;\"><strong>\u00a0\u00a0\u00a0\u00a0\u00a0 \u00a0\u00a0\u00a0\u00a0\u00a0\u00a0\u00a0\u00a0\u00a0\u00a0OZALJSKI MED vol.1 \u0160tenta 9:00-12:00 @Humi\u010dka<\/strong><\/p>\n<p style=\"font-weight: 400;\">29.6.<strong>\u00a0\u00a0\u00a0\u00a0\u00a0\u00a0\u00a0<u>Koncert<\/u>\u00a0\u201eGuda\u010dki kvartet Porin Zagreb\u201c 19:00 @Etno park Ozalj<\/strong><\/p>\n<p style=\"font-weight: 400;\">1.7.<strong>\u00a0\u00a0\u00a0\u00a0\u00a0\u00a0\u00a0\u00a0 Me\u0111unarodni festival folklora 20:00 @Stari grad Ozalj<\/strong><\/p>\n<p style=\"font-weight: 400;\">5.7.<strong>\u00a0\u00a0\u00a0\u00a0\u00a0\u00a0\u00a0\u00a0\u00a0<u>Koncert<\/u>\u00a0\u201eMe\u0111unarodna \u0161kola gitare 2019\u201c<\/strong><\/p>\n<p style=\"font-weight: 400;\">6.7.<strong>\u00a0\u00a0\u00a0\u00a0\u00a0\u00a0\u00a0\u00a0 Harp Explosion (radionica usne harmonike+nastup)@Gradsko kupali\u0161te Ozalj<\/strong><\/p>\n<p style=\"font-weight: 400;\"><strong>\u00a0\u00a0\u00a0\u00a0\u00a0\u00a0\u00a0\u00a0\u00a0\u00a0\u00a0\u00a0\u00a0\u00a0\u00a0\u00a0OZALJSKI MED vol.2 Koli\u0107 9:00-12:00 @Humi\u010dka<em>\u00a0\u00a0<\/em><\/strong><\/p>\n<p style=\"font-weight: 400;\">7.7.<strong>\u00a0\u00a0\u00a0\u00a0\u00a0\u00a0\u00a0\u00a0\u00a0<u>Koncert<\/u>\u00a0\u201eSpas za tamburu<\/strong><em>\u00a0<strong>1-2-3\u201c\u00a0<\/strong><\/em><strong>20:30 @Trg bra\u0107e Radi\u0107 bb<\/strong><\/p>\n<p style=\"font-weight: 400;\">11-12.7.<strong>\u00a0Film za van 20:30 @Trg bra\u0107e Radi\u0107 bb<\/strong><\/p>\n<p style=\"font-weight: 400;\">13.7.<strong>\u00a0\u00a0\u00a0\u00a0\u00a0 River Dance fitness 16:00 @Gradsko kupali\u0161te Ozalj<\/strong><\/p>\n<p style=\"font-weight: 400;\">19.7.<strong>\u00a0\u00a0\u00a0\u00a0\u00a0\u00a0<u>Koncert<\/u>\u00a0Neno Belan&amp;Fiumens @Gradsko kupali\u0161te Ozalj<\/strong><\/p>\n<p style=\"font-weight: 400;\"><strong>\u00a0\u00a0\u00a0\u00a0\u00a0\u00a0\u00a0\u00a0\u00a0\u00a0\u00a0\u00a0\u00a0\u00a0 River Dance Fitness 16:00 @Gradsko kupali\u0161te Ozalj<\/strong><\/p>\n<p style=\"font-weight: 400;\">20.7.<strong>\u00a0\u00a0\u00a0\u00a0\u00a0 Ozalj-Vrhovac trail\/Stare seoske igre @Vrhovac<\/strong><\/p>\n<p style=\"font-weight: 400;\"><em>23.7.\u00a0\u00a0\u00a0\u00a0\u00a0\u00a0<\/em><strong>Rije\u010dno kino<em>\u00a0<\/em>@Gradsko kupali\u0161te Ozalj<\/strong><\/p>\n<p style=\"font-weight: 400;\">27.7.<strong>\u00a0\u00a0\u00a0\u00a0\u00a0 River Dance Fitness 16:00 @Gradsko kupali\u0161te Ozalj<\/strong><\/p>\n<p style=\"font-weight: 400;\">9-10.8.<strong>\u00a0 Film za van 20:30 @Trg bra\u0107e Radi\u0107 bb<\/strong><\/p>\n","protected":false},"excerpt":{"rendered":"<p>\u010cetvrta ljetna sezona na obnovljenom Gradskom kupali\u0161tu u Ozlju, ispod prekrasne HE Munjara s pogledom na Stari grad, upravo po\u010dinje. Od 15.6. pa do sredine kolovoza organiziran je raznovrstan program \u2013 od koncerata klasi\u010dne i zabavne glazbe i projekcija filmova preko kreativnih radionica do rekreacijskih sadr\u017eaja. Na samom po\u010detku, u subotu 15.6. je ve\u0107 tradicionalno [&#8230;]\n","protected":false},"author":1,"featured_media":28081,"comment_status":"closed","ping_status":"closed","sticky":false,"template":"","format":"standard","meta":{"_monsterinsights_skip_tracking":false,"_monsterinsights_sitenote_active":false,"_monsterinsights_sitenote_note":"","_monsterinsights_sitenote_category":0,"footnotes":"","_links_to":"","_links_to_target":""},"categories":[72],"tags":[],"_links":{"self":[{"href":"https:\/\/tzp-kupa.hr\/hr\/wp-json\/wp\/v2\/posts\/28080"}],"collection":[{"href":"https:\/\/tzp-kupa.hr\/hr\/wp-json\/wp\/v2\/posts"}],"about":[{"href":"https:\/\/tzp-kupa.hr\/hr\/wp-json\/wp\/v2\/types\/post"}],"author":[{"embeddable":true,"href":"https:\/\/tzp-kupa.hr\/hr\/wp-json\/wp\/v2\/users\/1"}],"replies":[{"embeddable":true,"href":"https:\/\/tzp-kupa.hr\/hr\/wp-json\/wp\/v2\/comments?post=28080"}],"version-history":[{"count":0,"href":"https:\/\/tzp-kupa.hr\/hr\/wp-json\/wp\/v2\/posts\/28080\/revisions"}],"wp:featuredmedia":[{"embeddable":true,"href":"https:\/\/tzp-kupa.hr\/hr\/wp-json\/"}],"wp:attachment":[{"href":"https:\/\/tzp-kupa.hr\/hr\/wp-json\/wp\/v2\/media?parent=28080"}],"wp:term":[{"taxonomy":"category","embeddable":true,"href":"https:\/\/tzp-kupa.hr\/hr\/wp-json\/wp\/v2\/categories?post=28080"},{"taxonomy":"post_tag","embeddable":true,"href":"https:\/\/tzp-kupa.hr\/hr\/wp-json\/wp\/v2\/tags?post=28080"}],"curies":[{"name":"wp","href":"https:\/\/api.w.org\/{rel}","templated":true}]}}