{"id":24752,"date":"2014-09-09T12:25:55","date_gmt":"2014-09-09T12:25:55","guid":{"rendered":"https:\/\/www.ozalj-tz.hr\/hr\/?p=24752"},"modified":"2014-09-09T12:25:55","modified_gmt":"2014-09-09T12:25:55","slug":"blagdan-male-gospe-u-sveticama","status":"publish","type":"post","link":"https:\/\/tzp-kupa.hr\/hr\/blagdan-male-gospe-u-sveticama\/","title":{"rendered":"Blagdan Male Gospe u Sveticama"},"content":{"rendered":"<p>Spomendanom ro\u0111enja Bla\u017eene Djevice Marije i ove godine je odr\u017eano misno slavlje na blagdan Male Gospe.<\/p>\n<p>Skulptura Sv. Mihaela je dar generala pavlinskog reda iz Jasne Gore &#8211; sveti\u0161te Crne Gospe ili Gospe od Jasne Gore koja se nalazi u Czestochowi\u00a0i najve\u0107e je Marijansko sveti\u0161te u Poljskoj.<\/p>\n<p>Na Sveticama je osnovana i Bratov\u0161tina Svetih An\u0111ela \u010cuvara, jedan od izraza pavlinske duhovnosti.<\/p>\n<p>Najstariji sa\u010duvani oltar je oltar sv. Pavla Prvog Pustinjaka, a Glavni oltar Sv. Marije na blagdan Male Gospe je \u010da\u0161\u0107en od strane velikog broja vjernika.<\/p>\n<p>Brojni posjetitelji su do\u0161li kako bi povjerili Maloj Gospi svoje brige i nevolje koje \u0107e se njezinim zagovorom pretvoriti u radost i veselje.<\/p>\n","protected":false},"excerpt":{"rendered":"<p>Spomendanom ro\u0111enja Bla\u017eene Djevice Marije i ove godine je odr\u017eano misno slavlje na blagdan Male Gospe. Skulptura Sv. Mihaela je dar generala pavlinskog reda iz Jasne Gore &#8211; sveti\u0161te Crne Gospe ili Gospe od Jasne Gore koja se nalazi u Czestochowi\u00a0i najve\u0107e je Marijansko sveti\u0161te u Poljskoj. Na Sveticama je osnovana i Bratov\u0161tina Svetih An\u0111ela [&#8230;]\n","protected":false},"author":1,"featured_media":24753,"comment_status":"closed","ping_status":"open","sticky":false,"template":"","format":"standard","meta":{"_monsterinsights_skip_tracking":false,"_monsterinsights_sitenote_active":false,"_monsterinsights_sitenote_note":"","_monsterinsights_sitenote_category":0,"footnotes":"","_links_to":"","_links_to_target":""},"categories":[72],"tags":[],"_links":{"self":[{"href":"https:\/\/tzp-kupa.hr\/hr\/wp-json\/wp\/v2\/posts\/24752"}],"collection":[{"href":"https:\/\/tzp-kupa.hr\/hr\/wp-json\/wp\/v2\/posts"}],"about":[{"href":"https:\/\/tzp-kupa.hr\/hr\/wp-json\/wp\/v2\/types\/post"}],"author":[{"embeddable":true,"href":"https:\/\/tzp-kupa.hr\/hr\/wp-json\/wp\/v2\/users\/1"}],"replies":[{"embeddable":true,"href":"https:\/\/tzp-kupa.hr\/hr\/wp-json\/wp\/v2\/comments?post=24752"}],"version-history":[{"count":0,"href":"https:\/\/tzp-kupa.hr\/hr\/wp-json\/wp\/v2\/posts\/24752\/revisions"}],"wp:featuredmedia":[{"embeddable":true,"href":"https:\/\/tzp-kupa.hr\/hr\/wp-json\/"}],"wp:attachment":[{"href":"https:\/\/tzp-kupa.hr\/hr\/wp-json\/wp\/v2\/media?parent=24752"}],"wp:term":[{"taxonomy":"category","embeddable":true,"href":"https:\/\/tzp-kupa.hr\/hr\/wp-json\/wp\/v2\/categories?post=24752"},{"taxonomy":"post_tag","embeddable":true,"href":"https:\/\/tzp-kupa.hr\/hr\/wp-json\/wp\/v2\/tags?post=24752"}],"curies":[{"name":"wp","href":"https:\/\/api.w.org\/{rel}","templated":true}]}}