{"id":24743,"date":"2014-09-18T12:21:34","date_gmt":"2014-09-18T12:21:34","guid":{"rendered":"https:\/\/www.ozalj-tz.hr\/hr\/?p=24743"},"modified":"2014-09-18T12:21:34","modified_gmt":"2014-09-18T12:21:34","slug":"3-sajam-braniteljskih-zadruga-udruga-i-gospodarstvenika-ozalj","status":"publish","type":"post","link":"https:\/\/tzp-kupa.hr\/hr\/3-sajam-braniteljskih-zadruga-udruga-i-gospodarstvenika-ozalj\/","title":{"rendered":"3. Sajam braniteljskih zadruga, udruga i gospodarstvenika Ozalj"},"content":{"rendered":"<p>Braniteljska zadruga Ideja organizira 3. Sajam branitelja zadruga, udruga i gospodarstvenika koji \u0107e se odr\u017eati<\/p>\n<p><b>20.9.2014. godine na Trgu bra\u0107e Radi\u0107 u centru grada Ozlja od 9:00 do 22:00 sata.<\/b><\/p>\n<p>Ukoliko \u017eelite prodavati &#8211; izlagati dodatne informacije mo\u017eete prona\u0107i na\u00a0<b><a title=\"3. Sajam braniteljskih zadruga, udruga i gospodarstvenika Ozalj\" href=\"http:\/\/www.ozalj.hr\/index2\/images\/stories\/_2014\/22_07\/poziv%20za%20sajam.pdf\" target=\"_blank\" rel=\"noopener noreferrer\">PLAKATU<\/a><\/b>.<\/p>\n<p>Pozivamo Vas da se pridru\u017eite 3. Sajmu braniteljskih zadruga, udruga i gospodarstvenika u 2014. godini.<\/p>\n<p>U okviru navedenog Sajma mo\u017eete nas posjetiti na na\u0161em \u0161tandu Turisti\u010dke zajednice Grada Ozlja\u00a0<b>od 9:00 do 16:00 sati.<\/b><\/p>\n","protected":false},"excerpt":{"rendered":"<p>Braniteljska zadruga Ideja organizira 3. Sajam branitelja zadruga, udruga i gospodarstvenika koji \u0107e se odr\u017eati 20.9.2014. godine na Trgu bra\u0107e Radi\u0107 u centru grada Ozlja od 9:00 do 22:00 sata. Ukoliko \u017eelite prodavati &#8211; izlagati dodatne informacije mo\u017eete prona\u0107i na\u00a0PLAKATU. Pozivamo Vas da se pridru\u017eite 3. Sajmu braniteljskih zadruga, udruga i gospodarstvenika u 2014. godini. [&#8230;]\n","protected":false},"author":1,"featured_media":24744,"comment_status":"closed","ping_status":"open","sticky":false,"template":"","format":"standard","meta":{"_monsterinsights_skip_tracking":false,"_monsterinsights_sitenote_active":false,"_monsterinsights_sitenote_note":"","_monsterinsights_sitenote_category":0,"footnotes":"","_links_to":"","_links_to_target":""},"categories":[72],"tags":[],"_links":{"self":[{"href":"https:\/\/tzp-kupa.hr\/hr\/wp-json\/wp\/v2\/posts\/24743"}],"collection":[{"href":"https:\/\/tzp-kupa.hr\/hr\/wp-json\/wp\/v2\/posts"}],"about":[{"href":"https:\/\/tzp-kupa.hr\/hr\/wp-json\/wp\/v2\/types\/post"}],"author":[{"embeddable":true,"href":"https:\/\/tzp-kupa.hr\/hr\/wp-json\/wp\/v2\/users\/1"}],"replies":[{"embeddable":true,"href":"https:\/\/tzp-kupa.hr\/hr\/wp-json\/wp\/v2\/comments?post=24743"}],"version-history":[{"count":0,"href":"https:\/\/tzp-kupa.hr\/hr\/wp-json\/wp\/v2\/posts\/24743\/revisions"}],"wp:featuredmedia":[{"embeddable":true,"href":"https:\/\/tzp-kupa.hr\/hr\/wp-json\/"}],"wp:attachment":[{"href":"https:\/\/tzp-kupa.hr\/hr\/wp-json\/wp\/v2\/media?parent=24743"}],"wp:term":[{"taxonomy":"category","embeddable":true,"href":"https:\/\/tzp-kupa.hr\/hr\/wp-json\/wp\/v2\/categories?post=24743"},{"taxonomy":"post_tag","embeddable":true,"href":"https:\/\/tzp-kupa.hr\/hr\/wp-json\/wp\/v2\/tags?post=24743"}],"curies":[{"name":"wp","href":"https:\/\/api.w.org\/{rel}","templated":true}]}}