{"id":24719,"date":"2014-09-30T12:07:40","date_gmt":"2014-09-30T12:07:40","guid":{"rendered":"https:\/\/www.ozalj-tz.hr\/hr\/?p=24719"},"modified":"2014-09-30T12:07:40","modified_gmt":"2014-09-30T12:07:40","slug":"jesen-u-vivodini-3","status":"publish","type":"post","link":"https:\/\/tzp-kupa.hr\/hr\/jesen-u-vivodini-3\/","title":{"rendered":"&#8220;Jesen u Vivodini&#8221;"},"content":{"rendered":"<p>Kulturno umjetni\u010dko dru\u0161tvo Vivodina organizira manifestaciju &#8220;Jesen u Vivodini&#8221; koja \u0107e se odr\u017eati<\/p>\n<p><b>5. listopada 2014.<\/b>\u00a0<b>godine.<\/b><\/p>\n<p>Manifestacija je zami\u0161ljena kao dru\u017eenje na kojem \u0107e se ponuditi tradicionalni specijaliteti na\u0161ih baka, ali i specijaliteti jesenskih plodova.<\/p>\n<p>Osim specijaliteta mo\u0107i \u0107ete vidjeti i kojim alatima, stvarima i priborom su se slu\u017eili na\u0161i stari u svakodnevnom \u017eivotu i koji su nam ostali u naslje\u0111u.<\/p>\n<p>Cjelokupni program biti \u0107e oboga\u0107en nastupima\u00a0UD-ova iz ranih dijelova Hrvatske:\u00a0KUD Josip Torbar iz Kra\u0161i\u0107a, KUD Desinec iz Desinca te KUD Velika Mlaka iz Velike Mlake pokraj Zagreba. Osim KUD-ova cjelokupnu manifestaciju zagrijati \u0107e i band Fortuna.<\/p>\n<p>Cilj ove manifestacije je o\u010duvati tradiciju na\u0161eg kraja te pokazati svim posjetiteljima kako su \u017eivjeli na\u0161i djedovi i bake.<\/p>\n<p><a title=\"\" href=\"http:\/\/www.ozalj.hr\/index2\/images\/stories\/_2014\/KUD-Vrhovac\/plakat.pdf\" target=\"_blank\" rel=\"noopener noreferrer\"><b>PLAKAT<\/b><\/a><\/p>\n","protected":false},"excerpt":{"rendered":"<p>Kulturno umjetni\u010dko dru\u0161tvo Vivodina organizira manifestaciju &#8220;Jesen u Vivodini&#8221; koja \u0107e se odr\u017eati 5. listopada 2014.\u00a0godine. Manifestacija je zami\u0161ljena kao dru\u017eenje na kojem \u0107e se ponuditi tradicionalni specijaliteti na\u0161ih baka, ali i specijaliteti jesenskih plodova. Osim specijaliteta mo\u0107i \u0107ete vidjeti i kojim alatima, stvarima i priborom su se slu\u017eili na\u0161i stari u svakodnevnom \u017eivotu i [&#8230;]\n","protected":false},"author":1,"featured_media":24720,"comment_status":"closed","ping_status":"open","sticky":false,"template":"","format":"standard","meta":{"_monsterinsights_skip_tracking":false,"_monsterinsights_sitenote_active":false,"_monsterinsights_sitenote_note":"","_monsterinsights_sitenote_category":0,"footnotes":"","_links_to":"","_links_to_target":""},"categories":[72],"tags":[],"_links":{"self":[{"href":"https:\/\/tzp-kupa.hr\/hr\/wp-json\/wp\/v2\/posts\/24719"}],"collection":[{"href":"https:\/\/tzp-kupa.hr\/hr\/wp-json\/wp\/v2\/posts"}],"about":[{"href":"https:\/\/tzp-kupa.hr\/hr\/wp-json\/wp\/v2\/types\/post"}],"author":[{"embeddable":true,"href":"https:\/\/tzp-kupa.hr\/hr\/wp-json\/wp\/v2\/users\/1"}],"replies":[{"embeddable":true,"href":"https:\/\/tzp-kupa.hr\/hr\/wp-json\/wp\/v2\/comments?post=24719"}],"version-history":[{"count":0,"href":"https:\/\/tzp-kupa.hr\/hr\/wp-json\/wp\/v2\/posts\/24719\/revisions"}],"wp:featuredmedia":[{"embeddable":true,"href":"https:\/\/tzp-kupa.hr\/hr\/wp-json\/"}],"wp:attachment":[{"href":"https:\/\/tzp-kupa.hr\/hr\/wp-json\/wp\/v2\/media?parent=24719"}],"wp:term":[{"taxonomy":"category","embeddable":true,"href":"https:\/\/tzp-kupa.hr\/hr\/wp-json\/wp\/v2\/categories?post=24719"},{"taxonomy":"post_tag","embeddable":true,"href":"https:\/\/tzp-kupa.hr\/hr\/wp-json\/wp\/v2\/tags?post=24719"}],"curies":[{"name":"wp","href":"https:\/\/api.w.org\/{rel}","templated":true}]}}