{"id":24644,"date":"2014-11-24T08:57:10","date_gmt":"2014-11-24T08:57:10","guid":{"rendered":"https:\/\/www.ozalj-tz.hr\/hr\/?p=24644"},"modified":"2014-11-24T08:57:10","modified_gmt":"2014-11-24T08:57:10","slug":"deveti-susret-crkvenih-zborova-ozaljsko-lipnickog-dekanata","status":"publish","type":"post","link":"https:\/\/tzp-kupa.hr\/hr\/deveti-susret-crkvenih-zborova-ozaljsko-lipnickog-dekanata\/","title":{"rendered":"Deveti susret crkvenih zborova Ozaljsko-lipni\u010dkog dekanata"},"content":{"rendered":"<p>U nedjelju, 23. studenog 2014. u Ozlju po deveti puta predstavili su se \u017eupni zborovi Ozaljsko-lipni\u010dkog dekanata povodom blagdana svete Cecilije.<br \/>\nSvake se godine bira posebna okvirna tema pjesama kako bi se svi zborovi usredoto\u010dili na zadano, tako je ove godine svaki zbor morao odabrati barem jednu pjesmu posve\u0107enu nekom svecu ili svetici.<br \/>\nDoma\u0107ini, zbor crkve Svetog Vida iz Ozlja otpjevao je \u201eZarana on je\u201c, posve\u0107enu svetom Ivanu Krstitelju i \u201eSvetim hramom\u201c, posve\u0107enu svetom Josipu.<\/p>\n<p>Nastupili su i predstavnici \u017eupnih zborova iz \u017dakanja, Svetica, Kamanja, Vivodine, Vrhovca i Lipnika.<\/p>\n<p>Te\u0161ko je re\u0107i koji je zbor bio bolji ili najbolji \u2013 svi su lijepo i skladno pjevali, a jako je va\u017eno, \u0161to je istaknuo i pre\u010dasni dekan, da je pjevanje u na\u0161im \u017eupama o\u017eivjelo i podiglo kroz okupljanja, redovita vje\u017ebanja i probe na puno vi\u0161i nivo nego \u0161to je to bilo slu\u010daj prije.<\/p>\n<p>Prepuna ozaljska Osnova \u0161kola dokaz je koliko je glazba zvonka radost i koliki interes postoji za ovakve susrete.<br \/>\nDoma\u0107ini\u00a0 \u017eupe Svetog Vida u Ozlju nakon koncerta su pripremili bogati domjenak za sudionike kao i za sve koji su samo slu\u0161ali i bodrili pjeva\u010de pljeskom.<\/p>\n","protected":false},"excerpt":{"rendered":"<p>U nedjelju, 23. studenog 2014. u Ozlju po deveti puta predstavili su se \u017eupni zborovi Ozaljsko-lipni\u010dkog dekanata povodom blagdana svete Cecilije. Svake se godine bira posebna okvirna tema pjesama kako bi se svi zborovi usredoto\u010dili na zadano, tako je ove godine svaki zbor morao odabrati barem jednu pjesmu posve\u0107enu nekom svecu ili svetici. Doma\u0107ini, zbor [&#8230;]\n","protected":false},"author":1,"featured_media":24645,"comment_status":"closed","ping_status":"open","sticky":false,"template":"","format":"standard","meta":{"_monsterinsights_skip_tracking":false,"_monsterinsights_sitenote_active":false,"_monsterinsights_sitenote_note":"","_monsterinsights_sitenote_category":0,"footnotes":"","_links_to":"","_links_to_target":""},"categories":[72],"tags":[],"_links":{"self":[{"href":"https:\/\/tzp-kupa.hr\/hr\/wp-json\/wp\/v2\/posts\/24644"}],"collection":[{"href":"https:\/\/tzp-kupa.hr\/hr\/wp-json\/wp\/v2\/posts"}],"about":[{"href":"https:\/\/tzp-kupa.hr\/hr\/wp-json\/wp\/v2\/types\/post"}],"author":[{"embeddable":true,"href":"https:\/\/tzp-kupa.hr\/hr\/wp-json\/wp\/v2\/users\/1"}],"replies":[{"embeddable":true,"href":"https:\/\/tzp-kupa.hr\/hr\/wp-json\/wp\/v2\/comments?post=24644"}],"version-history":[{"count":0,"href":"https:\/\/tzp-kupa.hr\/hr\/wp-json\/wp\/v2\/posts\/24644\/revisions"}],"wp:featuredmedia":[{"embeddable":true,"href":"https:\/\/tzp-kupa.hr\/hr\/wp-json\/"}],"wp:attachment":[{"href":"https:\/\/tzp-kupa.hr\/hr\/wp-json\/wp\/v2\/media?parent=24644"}],"wp:term":[{"taxonomy":"category","embeddable":true,"href":"https:\/\/tzp-kupa.hr\/hr\/wp-json\/wp\/v2\/categories?post=24644"},{"taxonomy":"post_tag","embeddable":true,"href":"https:\/\/tzp-kupa.hr\/hr\/wp-json\/wp\/v2\/tags?post=24644"}],"curies":[{"name":"wp","href":"https:\/\/api.w.org\/{rel}","templated":true}]}}