{"id":24575,"date":"2015-01-12T19:07:24","date_gmt":"2015-01-12T19:07:24","guid":{"rendered":"https:\/\/www.ozalj-tz.hr\/hr\/?p=24575"},"modified":"2015-01-12T19:07:24","modified_gmt":"2015-01-12T19:07:24","slug":"poljska-delegacija-u-posjetu-ozlju","status":"publish","type":"post","link":"https:\/\/tzp-kupa.hr\/hr\/poljska-delegacija-u-posjetu-ozlju\/","title":{"rendered":"Poljska delegacija u posjetu Ozlju"},"content":{"rendered":"<p>Dana 22. sije\u010dnja 2015. godine grad Ozalj posjetila je poljska delegacije dvorca Szczecin.<\/p>\n<p>U okviru posjeta poljske delegacije sudionici su mogli razmijeniti iskustva na temu suradnje u podru\u010dju kulture.<\/p>\n<p>Suradnja Poljske i Hrvatske omogu\u0107ava \u0161ire predstavljanje hrvatske kulture u drugim zemljama kao i kulture drugih zemalja u Hrvatskoj.<\/p>\n<p>S tim ciljem uslijedilo je predstavljanje Karlova\u010dke \u017eupanije zajedno sa LAG Vallis Colapis i gradom Ozljom, te predstavljanje predstavnice poljske delegacije dvorca Szczecin.<\/p>\n<p>Razvijanje izravne i kontinuirane suradnje i razmjene izme\u0111u ustanova i udruga, umjetnika i stru\u010dnjaka na svim podru\u010djima kulture i umjetnosti, sudjelovanje na me\u0111unarodnim kulturnim manifestacijama i skupovima pridonose produbljivanju i razvijanju me\u0111udr\u017eavnih odnosa.<\/p>\n<p>Nakon predstavljanja organizirani su obilazak Hidroelektrane Ozalj, Starog grada Ozlja i Zavi\u010dajnog muzeja, te posjet Pavlinskom samostanu u Sveticama.<\/p>\n<p>Vjerujemo da \u0107e se predstavnice poljske delegacije vratiti u svoju zemlju s puno lijepih utisaka u \u017eelji da se opet vidimo!<\/p>\n\n","protected":false},"excerpt":{"rendered":"<p>Dana 22. sije\u010dnja 2015. godine grad Ozalj posjetila je poljska delegacije dvorca Szczecin. U okviru posjeta poljske delegacije sudionici su mogli razmijeniti iskustva na temu suradnje u podru\u010dju kulture. Suradnja Poljske i Hrvatske omogu\u0107ava \u0161ire predstavljanje hrvatske kulture u drugim zemljama kao i kulture drugih zemalja u Hrvatskoj. S tim ciljem uslijedilo je predstavljanje Karlova\u010dke [&#8230;]\n","protected":false},"author":1,"featured_media":24576,"comment_status":"closed","ping_status":"open","sticky":false,"template":"","format":"standard","meta":{"_monsterinsights_skip_tracking":false,"_monsterinsights_sitenote_active":false,"_monsterinsights_sitenote_note":"","_monsterinsights_sitenote_category":0,"footnotes":"","_links_to":"","_links_to_target":""},"categories":[72],"tags":[],"_links":{"self":[{"href":"https:\/\/tzp-kupa.hr\/hr\/wp-json\/wp\/v2\/posts\/24575"}],"collection":[{"href":"https:\/\/tzp-kupa.hr\/hr\/wp-json\/wp\/v2\/posts"}],"about":[{"href":"https:\/\/tzp-kupa.hr\/hr\/wp-json\/wp\/v2\/types\/post"}],"author":[{"embeddable":true,"href":"https:\/\/tzp-kupa.hr\/hr\/wp-json\/wp\/v2\/users\/1"}],"replies":[{"embeddable":true,"href":"https:\/\/tzp-kupa.hr\/hr\/wp-json\/wp\/v2\/comments?post=24575"}],"version-history":[{"count":0,"href":"https:\/\/tzp-kupa.hr\/hr\/wp-json\/wp\/v2\/posts\/24575\/revisions"}],"wp:featuredmedia":[{"embeddable":true,"href":"https:\/\/tzp-kupa.hr\/hr\/wp-json\/"}],"wp:attachment":[{"href":"https:\/\/tzp-kupa.hr\/hr\/wp-json\/wp\/v2\/media?parent=24575"}],"wp:term":[{"taxonomy":"category","embeddable":true,"href":"https:\/\/tzp-kupa.hr\/hr\/wp-json\/wp\/v2\/categories?post=24575"},{"taxonomy":"post_tag","embeddable":true,"href":"https:\/\/tzp-kupa.hr\/hr\/wp-json\/wp\/v2\/tags?post=24575"}],"curies":[{"name":"wp","href":"https:\/\/api.w.org\/{rel}","templated":true}]}}