{"id":24404,"date":"2015-12-28T14:43:09","date_gmt":"2015-12-28T14:43:09","guid":{"rendered":"https:\/\/www.ozalj-tz.hr\/hr\/?p=24404"},"modified":"2015-12-28T14:43:09","modified_gmt":"2015-12-28T14:43:09","slug":"izlozba-fotografija-ozalj-u-prolazu","status":"publish","type":"post","link":"https:\/\/tzp-kupa.hr\/hr\/izlozba-fotografija-ozalj-u-prolazu\/","title":{"rendered":"Izlo\u017eba fotografija &#8220;Ozalj u prolazu&#8221;"},"content":{"rendered":"<p>Pozivamo Vas na otvorenje Izlo\u017ebe fotografija &#8220;Ozalj u pokretu&#8221;.<\/p>\n<p>Na izlo\u017ebi \u0107e biti predstavljeno ukupno 12 radova, koje je povjerenstvo u sastavu Josip U\u0161aj, Jasenka Stani\u010di\u0107 i Elena \u0160utila izabralo od pristiglih 17 autora koji su poslali svoje fotografije Ozlja i okolice.<\/p>\n<p>Natje\u010daj su organizirali Grad Ozalj i Turisti\u010dka agencija Azelija.<\/p>\n<p>Odabrane radove mo\u017eete pogledajti na Flickr profilu Ozalj OVDJE.<\/p>\n<p>Otvorenje izlo\u017ebe je u utorak, 29.12.2015. godine u 16:00 sati u prostorijama agencije Azelija &#8211; Kurilovac 8a, Ozalj.<\/p>\n<p>Radujemo se Va\u0161em dolasku!<\/p>\n<p>POPIS ODABRANIH AUTORA I RADOVA mo\u017eete pro\u010ditati u nastavku.<\/p>\n<p> Nagra\u0111eni radovi<\/p>\n<p>Josip Smolji\u0107 \u2013 Molitva<br \/>\nKsenija Priselac \u2013 Ledeni grad<br \/>\nIvana Ferenac \u2013 Visibabe ispod Grada<br \/>\nJosip \u010culig- I mi ideju imamo- Centar za pru\u017eanje usluga u zajednici Ozalj<br \/>\nDario Markolin- Osun\u010dane kule<br \/>\nDomagoj Novosel- Munjara u ranojutarnjem plamenu<br \/>\nDomagoj Novosel- U prolazu<br \/>\nMira Pavlakovi\u0107- Bale u snijegu<br \/>\nSandra \u0160timac- Ozalj<br \/>\nMilorad Videkovi\u0107- OZALJ_kolovoz 15 (6)<br \/>\nLucija Vukovi\u0107- 1a<br \/>\nAna \u017dupanovi\u0107- Stari \u010damac na Kupi<\/p>\n","protected":false},"excerpt":{"rendered":"<p>Pozivamo Vas na otvorenje Izlo\u017ebe fotografija &#8220;Ozalj u pokretu&#8221;. Na izlo\u017ebi \u0107e biti predstavljeno ukupno 12 radova, koje je povjerenstvo u sastavu Josip U\u0161aj, Jasenka Stani\u010di\u0107 i Elena \u0160utila izabralo od pristiglih 17 autora koji su poslali svoje fotografije Ozlja i okolice. Natje\u010daj su organizirali Grad Ozalj i Turisti\u010dka agencija Azelija. Odabrane radove mo\u017eete pogledajti [&#8230;]\n","protected":false},"author":1,"featured_media":24405,"comment_status":"closed","ping_status":"open","sticky":false,"template":"","format":"standard","meta":{"_monsterinsights_skip_tracking":false,"_monsterinsights_sitenote_active":false,"_monsterinsights_sitenote_note":"","_monsterinsights_sitenote_category":0,"footnotes":"","_links_to":"","_links_to_target":""},"categories":[72],"tags":[],"_links":{"self":[{"href":"https:\/\/tzp-kupa.hr\/hr\/wp-json\/wp\/v2\/posts\/24404"}],"collection":[{"href":"https:\/\/tzp-kupa.hr\/hr\/wp-json\/wp\/v2\/posts"}],"about":[{"href":"https:\/\/tzp-kupa.hr\/hr\/wp-json\/wp\/v2\/types\/post"}],"author":[{"embeddable":true,"href":"https:\/\/tzp-kupa.hr\/hr\/wp-json\/wp\/v2\/users\/1"}],"replies":[{"embeddable":true,"href":"https:\/\/tzp-kupa.hr\/hr\/wp-json\/wp\/v2\/comments?post=24404"}],"version-history":[{"count":0,"href":"https:\/\/tzp-kupa.hr\/hr\/wp-json\/wp\/v2\/posts\/24404\/revisions"}],"wp:featuredmedia":[{"embeddable":true,"href":"https:\/\/tzp-kupa.hr\/hr\/wp-json\/"}],"wp:attachment":[{"href":"https:\/\/tzp-kupa.hr\/hr\/wp-json\/wp\/v2\/media?parent=24404"}],"wp:term":[{"taxonomy":"category","embeddable":true,"href":"https:\/\/tzp-kupa.hr\/hr\/wp-json\/wp\/v2\/categories?post=24404"},{"taxonomy":"post_tag","embeddable":true,"href":"https:\/\/tzp-kupa.hr\/hr\/wp-json\/wp\/v2\/tags?post=24404"}],"curies":[{"name":"wp","href":"https:\/\/api.w.org\/{rel}","templated":true}]}}