{"id":24371,"date":"2016-06-14T14:25:05","date_gmt":"2016-06-14T14:25:05","guid":{"rendered":"https:\/\/www.ozalj-tz.hr\/hr\/?p=24371"},"modified":"2016-06-14T14:25:05","modified_gmt":"2016-06-14T14:25:05","slug":"sveti-vid-svetac-i-mucenik-zastitnik-grada-ozlja","status":"publish","type":"post","link":"https:\/\/tzp-kupa.hr\/hr\/sveti-vid-svetac-i-mucenik-zastitnik-grada-ozlja\/","title":{"rendered":"Sveti Vid, Svetac I Mu\u010denik \u2013 Za\u0161titnik Grada Ozlja"},"content":{"rendered":"<p>Grad Ozalj u znaku Sv. Vida \u2013 za\u0161titnika Grada \u017eivi od 1349. godine kada se crkva Sv. Vida prvi puta spominje.<\/p>\n<p>Od 1668. godine kada je crkva obnovljena, Sv. Vid je utisnut u prepoznatljivu vizuru grada Ozlja.<\/p>\n<p>Srednjovjekovna crkva Sv. Vid je malena, jednobrodna gra\u0111evina pravokutne osnove, romani\u010dka crkva sa zaobljenim sveti\u0161tem i zvonikom pred zapadnim pro\u010deljem.<\/p>\n<p>Proslava dana Svetog Vida, 15. lipnja, bila je oduvijek za Ozalj zna\u010dajan blagdan.<\/p>\n<p>Grad Ozalj svim gra\u0111anima Ozlja \u017eeli sretan dan Svetoga Vida.<\/p>\n","protected":false},"excerpt":{"rendered":"<p>Grad Ozalj u znaku Sv. Vida \u2013 za\u0161titnika Grada \u017eivi od 1349. godine kada se crkva Sv. Vida prvi puta spominje. Od 1668. godine kada je crkva obnovljena, Sv. Vid je utisnut u prepoznatljivu vizuru grada Ozlja. Srednjovjekovna crkva Sv. Vid je malena, jednobrodna gra\u0111evina pravokutne osnove, romani\u010dka crkva sa zaobljenim sveti\u0161tem i zvonikom pred [&#8230;]\n","protected":false},"author":1,"featured_media":24372,"comment_status":"closed","ping_status":"open","sticky":false,"template":"","format":"standard","meta":{"_monsterinsights_skip_tracking":false,"_monsterinsights_sitenote_active":false,"_monsterinsights_sitenote_note":"","_monsterinsights_sitenote_category":0,"footnotes":"","_links_to":"","_links_to_target":""},"categories":[72],"tags":[],"_links":{"self":[{"href":"https:\/\/tzp-kupa.hr\/hr\/wp-json\/wp\/v2\/posts\/24371"}],"collection":[{"href":"https:\/\/tzp-kupa.hr\/hr\/wp-json\/wp\/v2\/posts"}],"about":[{"href":"https:\/\/tzp-kupa.hr\/hr\/wp-json\/wp\/v2\/types\/post"}],"author":[{"embeddable":true,"href":"https:\/\/tzp-kupa.hr\/hr\/wp-json\/wp\/v2\/users\/1"}],"replies":[{"embeddable":true,"href":"https:\/\/tzp-kupa.hr\/hr\/wp-json\/wp\/v2\/comments?post=24371"}],"version-history":[{"count":0,"href":"https:\/\/tzp-kupa.hr\/hr\/wp-json\/wp\/v2\/posts\/24371\/revisions"}],"wp:featuredmedia":[{"embeddable":true,"href":"https:\/\/tzp-kupa.hr\/hr\/wp-json\/"}],"wp:attachment":[{"href":"https:\/\/tzp-kupa.hr\/hr\/wp-json\/wp\/v2\/media?parent=24371"}],"wp:term":[{"taxonomy":"category","embeddable":true,"href":"https:\/\/tzp-kupa.hr\/hr\/wp-json\/wp\/v2\/categories?post=24371"},{"taxonomy":"post_tag","embeddable":true,"href":"https:\/\/tzp-kupa.hr\/hr\/wp-json\/wp\/v2\/tags?post=24371"}],"curies":[{"name":"wp","href":"https:\/\/api.w.org\/{rel}","templated":true}]}}