{"id":24341,"date":"2016-10-18T14:02:21","date_gmt":"2016-10-18T14:02:21","guid":{"rendered":"https:\/\/www.ozalj-tz.hr\/hr\/?p=24341"},"modified":"2016-10-18T14:02:21","modified_gmt":"2016-10-18T14:02:21","slug":"grad-ozalj-predstavlja-se-u-pecuhu-6-7-10","status":"publish","type":"post","link":"https:\/\/tzp-kupa.hr\/hr\/grad-ozalj-predstavlja-se-u-pecuhu-6-7-10\/","title":{"rendered":"Grad Ozalj Predstavlja Se U Pe\u010duhu 6-7.10."},"content":{"rendered":"<p>U organizaciji Konzulata RH u Pe\u010duhu (Ma\u0111arska) i Karlova\u010dke \u017eupanije, a uz potporu Ministarstva vanjskih i europskih poslova te Ministarstva kulture RH, u Pe\u010duhu \u0107e se u \u010detvrtak, 6. listopada, sve\u010dano obilje\u017eiti 25. obljetnica neovisnosti Republike Hrvatske uz predstavljanje Karlova\u010dke \u017eupanije.<\/p>\n<p>Programom sve\u010danosti predvi\u0111en je niz doga\u0111anja od kulturnog i gospodarskog predstavljanja Karlova\u010dke \u017eupanije do bilateralnih politi\u010dkih sastanaka te posjeta institucijama i ustanovama predstavnika hrvatske nacionalne manjine u Pe\u010duhu.<\/p>\n<p>Uz to predvi\u0111en je i niz kulturnih doga\u0111anja me\u0111u kojim izlo\u017eba \u201cPortret grada Zvijezde\u201d Gradskog muzeja Karlovac, u prostoru Csontovary muzeja u Pe\u010duhu, sve\u010dani koncert Karlova\u010dkog komornog orkestra i Glazbene \u0161kole Karlovac \u201cCroatian Infinity\u201d, povodom 25. obljetnice neovisnosti RH.<\/p>\n<p>U ve\u010dernjim satima, predvi\u0111ena je izlo\u017eba i prezentacija \u201cO\u017eivljena ba\u0161tina\u201d, gdje \u0107e se predstaviti Grad Ozalj sa svojom povijesnom ba\u0161tinom i kostimiranim likovima, Gradska knji\u017enica Karlovac, Ogulinski festival bajki i Ivanina ku\u0107a bajki, Turisti\u010dka zajednica Karlova\u010dke \u017eupanije, Razvojna agencija Karla i HGK \u017dupanijska komora Karlovac.<\/p>\n<p>Program predstavljanja bit \u0107e popra\u0107en izlo\u017ebom i degustacijom gastronomskih specijaliteta i proizvoda OPG-ova iz Karlova\u010dke \u017eupanije te vinima Ozaljsko-vivodinskog vinogorja, a sve uz glazbeni nastup Folklorne dru\u017eine Vuga.<\/p>\n<p>Program posjete zavr\u0161ava u petak, 7. listopada, posjetom znamenitostima Pe\u010duha i obilaskom grada i tvr\u0111ave Seget (Siget) povodom obilje\u017eavanja 450. godina od Sigetske bitke.<\/p>\n<p>O\u010dekuje se da \u0107e doga\u0111aju nazo\u010diti brojni gosti iz politi\u010dkog i javnog \u017eivota Hrvatske i Ma\u0111arske, me\u0111u kojim se o\u010dekuju i predstavnici Ministarstva vanjskih poslova Republike Hrvatske, Ministarstva kulture, Ministarstva znanosti, obrazovanja i \u0161porta, Hrvatske zajednice \u017eupanija te veleposlanstva Republike Hrvatske u Ma\u0111arskoj.<\/p>\n","protected":false},"excerpt":{"rendered":"<p>U organizaciji Konzulata RH u Pe\u010duhu (Ma\u0111arska) i Karlova\u010dke \u017eupanije, a uz potporu Ministarstva vanjskih i europskih poslova te Ministarstva kulture RH, u Pe\u010duhu \u0107e se u \u010detvrtak, 6. listopada, sve\u010dano obilje\u017eiti 25. obljetnica neovisnosti Republike Hrvatske uz predstavljanje Karlova\u010dke \u017eupanije. Programom sve\u010danosti predvi\u0111en je niz doga\u0111anja od kulturnog i gospodarskog predstavljanja Karlova\u010dke \u017eupanije do [&#8230;]\n","protected":false},"author":1,"featured_media":24342,"comment_status":"closed","ping_status":"open","sticky":false,"template":"","format":"standard","meta":{"_monsterinsights_skip_tracking":false,"_monsterinsights_sitenote_active":false,"_monsterinsights_sitenote_note":"","_monsterinsights_sitenote_category":0,"footnotes":"","_links_to":"","_links_to_target":""},"categories":[72],"tags":[],"_links":{"self":[{"href":"https:\/\/tzp-kupa.hr\/hr\/wp-json\/wp\/v2\/posts\/24341"}],"collection":[{"href":"https:\/\/tzp-kupa.hr\/hr\/wp-json\/wp\/v2\/posts"}],"about":[{"href":"https:\/\/tzp-kupa.hr\/hr\/wp-json\/wp\/v2\/types\/post"}],"author":[{"embeddable":true,"href":"https:\/\/tzp-kupa.hr\/hr\/wp-json\/wp\/v2\/users\/1"}],"replies":[{"embeddable":true,"href":"https:\/\/tzp-kupa.hr\/hr\/wp-json\/wp\/v2\/comments?post=24341"}],"version-history":[{"count":0,"href":"https:\/\/tzp-kupa.hr\/hr\/wp-json\/wp\/v2\/posts\/24341\/revisions"}],"wp:featuredmedia":[{"embeddable":true,"href":"https:\/\/tzp-kupa.hr\/hr\/wp-json\/"}],"wp:attachment":[{"href":"https:\/\/tzp-kupa.hr\/hr\/wp-json\/wp\/v2\/media?parent=24341"}],"wp:term":[{"taxonomy":"category","embeddable":true,"href":"https:\/\/tzp-kupa.hr\/hr\/wp-json\/wp\/v2\/categories?post=24341"},{"taxonomy":"post_tag","embeddable":true,"href":"https:\/\/tzp-kupa.hr\/hr\/wp-json\/wp\/v2\/tags?post=24341"}],"curies":[{"name":"wp","href":"https:\/\/api.w.org\/{rel}","templated":true}]}}