{"id":24145,"date":"2018-02-02T08:10:38","date_gmt":"2018-02-02T08:10:38","guid":{"rendered":"https:\/\/www.ozalj-tz.hr\/hr\/?p=24145"},"modified":"2018-02-02T08:10:38","modified_gmt":"2018-02-02T08:10:38","slug":"ozaljski-maskenbal","status":"publish","type":"post","link":"https:\/\/tzp-kupa.hr\/hr\/ozaljski-maskenbal\/","title":{"rendered":"Ozaljski Maskenbal"},"content":{"rendered":"<p><img loading=\"lazy\" decoding=\"async\" class=\"size-full wp-image-28802 alignnone\" src=\"https:\/\/tzp-kupa.hr\/wp-content\/uploads\/2018\/02\/naj-maska.jpg\" alt=\"\" width=\"900\" height=\"675\" \/><\/p>\n<p>Tradicionalni ozaljski maskenbal odr\u017eat \u0107e se\u00a0na Trgu Bra\u0107e Radi\u0107 u nedjelju, 11.velja\u010de, s po\u010detkom u 15 sati. Vesela povorka krenut \u0107e prema pozornici od prostorija TZ Ozalj (popularna \u201eHumi\u010dka\u201c) preko trga do pozornice na kojoj je organiziran zabavni program.<\/p>\n<p>U uvodnom programu koji\u00a0od 13:30 sati prethodi maskenbalu, svi zainteresirani mo\u0107i \u0107e se oku\u0161ati u igri Ozaljska alka te natjecanju u povla\u010denju u\u017eeta \u2013 za djecu i odrasle.<\/p>\n<p>Ovogodi\u0161nji me\u0161tri ceremonije su\u00a0Nikola \u010culig \u2013 Frenky\u00a0iz Vrhovca i radijski voditelj\u00a0Damir Dado Valent, koji \u0107e dijeliti nagrade i zabaviti sve okupljene.<\/p>\n<p>Uz nastupe 4 vrti\u0107ke skupine i djece ni\u017eih razreda O\u0160 Slava Ra\u0161kaj iz Ozlja, nastupiti \u0107e i odrasli \u2013 Ozaljski fa\u0161u\u0161iri, Vrhova\u010dke grinte, Vivodinske ma\u010dkare, ma\u010dkare KUD Klju\u010d iz Trga i dr. Posebni gosti su Karlova\u010dki bubnjari Carolosboom, koji \u0107e svojim ritmovima, uz pjesmu i ples, najaviti prolje\u0107e, otjerati zimu i obilje\u017eiti zajedni\u0161tvo ljudi ozaljskog kraja.<\/p>\n<p>U izradu Fa\u0161nika ove godine uklju\u010dili su se i EVS volonteri iz Estonije, dragi prijatelji Ethel i Taavi.<\/p>\n<p>Za uvodni program, besplatan grah i \u010daj zaslu\u017eni su UDVDR \u2013 Zrinski i Frankopani.<\/p>\n<p>Glazbu biraju u\u010denici koji vode Slavin glas, Internet radio O\u0160 Slava Ra\u0161kaj.<\/p>\n<p>Pridru\u017eite se na\u0161oj zabavi pod maskama u nedjelju 11.02., ve\u0107 od 13:30 sati, do\u0111ite u dobrom dru\u0161tvu.<\/p>\n<p>21.Maskenbal organiziraju KUD \u201eKatarina Zrinski\u201c, UDVDR \u2013 ogranak Zrinski i Frankopan te Grad Ozalj.<\/p>\n<p><i>Svi zainteresirani za sudjelovanje, dodatne informacije mogu dobiti u KUD Katarina Zrinski na telefon 091\/5011091.<\/i><\/p>\n","protected":false},"excerpt":{"rendered":"<p>Tradicionalni ozaljski maskenbal odr\u017eat \u0107e se\u00a0na Trgu Bra\u0107e Radi\u0107 u nedjelju, 11.velja\u010de, s po\u010detkom u 15 sati. Vesela povorka krenut \u0107e prema pozornici od prostorija TZ Ozalj (popularna \u201eHumi\u010dka\u201c) preko trga do pozornice na kojoj je organiziran zabavni program. U uvodnom programu koji\u00a0od 13:30 sati prethodi maskenbalu, svi zainteresirani mo\u0107i \u0107e se oku\u0161ati u igri [&#8230;]\n","protected":false},"author":1,"featured_media":24146,"comment_status":"closed","ping_status":"closed","sticky":false,"template":"","format":"standard","meta":{"_monsterinsights_skip_tracking":false,"_monsterinsights_sitenote_active":false,"_monsterinsights_sitenote_note":"","_monsterinsights_sitenote_category":0,"footnotes":"","_links_to":"","_links_to_target":""},"categories":[72],"tags":[],"_links":{"self":[{"href":"https:\/\/tzp-kupa.hr\/hr\/wp-json\/wp\/v2\/posts\/24145"}],"collection":[{"href":"https:\/\/tzp-kupa.hr\/hr\/wp-json\/wp\/v2\/posts"}],"about":[{"href":"https:\/\/tzp-kupa.hr\/hr\/wp-json\/wp\/v2\/types\/post"}],"author":[{"embeddable":true,"href":"https:\/\/tzp-kupa.hr\/hr\/wp-json\/wp\/v2\/users\/1"}],"replies":[{"embeddable":true,"href":"https:\/\/tzp-kupa.hr\/hr\/wp-json\/wp\/v2\/comments?post=24145"}],"version-history":[{"count":0,"href":"https:\/\/tzp-kupa.hr\/hr\/wp-json\/wp\/v2\/posts\/24145\/revisions"}],"wp:featuredmedia":[{"embeddable":true,"href":"https:\/\/tzp-kupa.hr\/hr\/wp-json\/"}],"wp:attachment":[{"href":"https:\/\/tzp-kupa.hr\/hr\/wp-json\/wp\/v2\/media?parent=24145"}],"wp:term":[{"taxonomy":"category","embeddable":true,"href":"https:\/\/tzp-kupa.hr\/hr\/wp-json\/wp\/v2\/categories?post=24145"},{"taxonomy":"post_tag","embeddable":true,"href":"https:\/\/tzp-kupa.hr\/hr\/wp-json\/wp\/v2\/tags?post=24145"}],"curies":[{"name":"wp","href":"https:\/\/api.w.org\/{rel}","templated":true}]}}